{"id":29089,"date":"2018-09-05T16:58:04","date_gmt":"2018-09-05T14:58:04","guid":{"rendered":"https:\/\/libmod.de\/?p=29089"},"modified":"2020-08-17T20:03:53","modified_gmt":"2020-08-17T18:03:53","slug":"gustav-gressel-ukrainekrieg-russlands-seeblockade-im-schwarzen-meer","status":"publish","type":"post","link":"https:\/\/russlandverstehen.eu\/de\/gustav-gressel-ukrainekrieg-russlands-seeblockade-im-schwarzen-meer\/","title":{"rendered":"Ukrai\u00adne\u00adkon\u00adflikt: Russ\u00adlands See\u00adblo\u00adckade im Schwar\u00adzen&nbsp;Meer"},"content":{"rendered":"<div class=\"wpb-content-wrapper\"><p>[vc_row][vc_column][vc_column_text]<\/p>\n<figure id=\"attachment_29084\" aria-describedby=\"caption-attachment-29084\" style=\"width: 1203px\" class=\"wp-caption alignnone\"><img class=\"wp-image-29084 \" src=\"https:\/\/libmod.de\/wp-content\/uploads\/US-Navy-Black-Sea-1-e1535961489168-770x320.jpg\" alt width=\"1203\" height=\"500\"><figcaption id=\"caption-attachment-29084\" class=\"wp-caption-text\">\u00a9 U.S.&nbsp;Navy<\/figcaption><\/figure>\n<p>[\/vc_column_text][\/vc_column][\/vc_row][vc_row css=\u201c.vc_custom_1508251598805{margin-top: 30px !important;}\u201c][vc_column width=\u201e2\/3\u201c css=\u201c.vc_custom_1508252250311{padding-right: 20px !important;}\u201c][vc_column_text]<\/p>\n<h2>Rus\u00adsi\u00adsche Schi\u00adka\u00adnen im Azow\u00adschen Meer schnei\u00adden die ukrai\u00adni\u00adsche Hafen\u00adstadt Mariu\u00adpol nahezu voll\u00adst\u00e4n\u00addig vom Welt\u00adhan\u00addel ab. Durch die See\u00adblo\u00adckade k\u00f6nnte Russ\u00adland einen mili\u00adt\u00e4\u00adri\u00adschen Angriff vor\u00adbe\u00adrei\u00adten. Der west\u00adli\u00adchen \u00d6ffent\u00adlich\u00adkeit sind die Vor\u00adg\u00e4nge im Schwar\u00adzen Meer unbe\u00adkannt. Die Regie\u00adrun\u00adgen in Europa reagie\u00adren zur\u00fcck\u00adhal\u00adtend. Gustav C. Gressel fasst die Ereig\u00adnisse&nbsp;zusammen.<\/h2>\n<p><!--more--><\/p>\n<p>Der Krieg im Donbas r\u00fcckte Mari\u00adu\u00adpol, eine ukrai\u00adni\u00adsche Hafen\u00adstadt am Asow\u00adschen Meer mit etwa 450.000 Ein\u00adwoh\u00adnern, in den Blick der inter\u00adna\u00adtio\u00adna\u00adlen \u00d6ffent\u00adlich\u00adkeit. Nach Donezk ist Mari\u00adu\u00adpol die zweit\u00adgr\u00f6\u00dfte Stadt des Donez\u00adker Oblasts, wich\u00adti\u00adges Zentrum der Stahl\u00adver\u00adar\u00adbei\u00adtung (einst eines der Haupt\u00adex\u00adport\u00adg\u00fc\u00adter der Ukraine) sowie auch der bedeu\u00adtendste Tief\u00adsee\u00adha\u00adfen des Donbas, \u00fcber den die Erzeug\u00adnisse der Region ver\u00adla\u00adden und ver\u00adschifft wurden. Schon im April und Mai 2014 stand Mari\u00adu\u00adpol im Visier rus\u00adsi\u00adscher Spe\u00adzi\u00adal\u00adkr\u00e4fte. Mit Hilfe pan\u00adrus\u00adsi\u00adscher Akti\u00advis\u00adten, die durch den rus\u00adsi\u00adschen Armee\u00adge\u00adheim\u00addienst GRU orga\u00adni\u00adsiert wurden, suchten sie einen Anschluss an die Volks\u00adre\u00adpu\u00adblik Donezk her\u00adbei\u00adzu\u00adf\u00fch\u00adren. Die Stadt wurde auch kurz\u00adzei\u00adtig durch Rebel\u00adlen besetzt, aber schon im Juni 2014 wieder von der ukrai\u00adni\u00adschen Armee&nbsp;befreit.<\/p>\n<blockquote><p>Sowohl der ukrai\u00adni\u00adsche Geheim\u00addienst SBU als auch die ukrai\u00adni\u00adsche Armee gehen davon aus, dass die Akti\u00advi\u00adt\u00e4\u00adten am Azow\u00adschen Meehr zur Vor\u00adbe\u00adrei\u00adtung gr\u00f6\u00ad\u00dfe\u00adrer rus\u00adsi\u00adscher Ope\u00adra\u00adtio\u00adnen gegen Mari\u00adu\u00adpol dienen&nbsp;k\u00f6nnten.<\/p><\/blockquote>\n<p>Die Bev\u00f6l\u00adke\u00adrung ist \u00fcber\u00adwie\u00adgend rus\u00adsisch\u00adspra\u00adchig. Wie alle St\u00e4dte des Donbas wurde die Stadt von 1941 bis 1943 durch die Wehr\u00admacht quasi ent\u00adv\u00f6l\u00adkert. Nach 1945 wurden Neu\u00adan\u00adsied\u00adler aus allen Teilen der Sowjet\u00adunion her\u00adan\u00adge\u00adkarrt, um die indus\u00adtri\u00adelle Pro\u00adduk\u00adtion wieder anzu\u00adwer\u00adfen. Aller\u00addings hatte Sprache in der Ukraine kaum iden\u00adti\u00adt\u00e4ts\u00adstif\u00adtende Funk\u00adtion \u2013 in den Umland\u00adge\u00admein\u00adden werden ukrai\u00adni\u00adsche Dia\u00adlekte gespro\u00adchen, Bewoh\u00adner sind von klein auf zwei\u00adspra\u00adchig sozia\u00adli\u00adsiert. Daher blieb auch der von Russ\u00adland erhoffte Auf\u00adstand aus. Im Gegen\u00adteil, nachdem die Bewoh\u00adner von Mari\u00adu\u00adpol dem Treiben der rus\u00adsi\u00adschen Sepa\u00adra\u00adtis\u00adten zusehen mussten, ver\u00adsteifte sich die Ableh\u00adnung gegen\u00ad\u00fcber der rus\u00adsi\u00adschen Okku\u00adpa\u00adtion zuse\u00adhends. Nach der Befrei\u00adung erleb\u00adten Frei\u00adwil\u00adli\u00adgen\u00adba\u00adtal\u00adlione der ukrai\u00adni\u00adschen Natio\u00adnal\u00adgarde hohen Zuspruch aus der Bev\u00f6l\u00adke\u00adrung. Ins\u00adbe\u00adson\u00addere das im Westen kri\u00adtisch be\u00e4ugte Azow-Batal\u00ad\u00adlion ist aus dem Stra\u00ad\u00dfen\u00adbild der Stadt kaum weg\u00adzu\u00adden\u00adken. Es hat bei der Ver\u00adtei\u00addi\u00adgung der Stadt eine ma\u00df\u00adgeb\u00adli\u00adche Rolle gespielt und rekru\u00adtiert sich vor\u00adwie\u00adgend aus der&nbsp;Region.<\/p>\n<h2>Rus\u00adsland schei\u00adtert an der Erobe\u00adrung \u2013 und blo\u00adckiert nun Mariu\u00adpol von der&nbsp;See<\/h2>\n<p>Seit Juni 2014 unter\u00adnahm die rus\u00adsi\u00adsche Armee mehrere Ver\u00adsu\u00adche, die Stadt zu nehmen oder zumin\u00addest ein\u00adzu\u00adschlie\u00ad\u00dfen. Im August erfolgte ein von Rostow ange\u00adf\u00fchr\u00adter Vorsto\u00df der rus\u00adsi\u00adschen Armee entlang des Asow\u00adschen Meeres bis an die Au\u00dfen\u00adbe\u00adzirke der Stadt. Die rus\u00adsi\u00adsche Armee kon\u00adtrol\u00adlierte damit die H\u00f6hen\u00adla\u00adgen im Osten der Stadt und konnte das gesamte Stadt\u00adge\u00adbiet gezielt unter Artil\u00adle\u00adrie\u00adbe\u00adschuss nehmen. Artil\u00ad\u00adle\u00adrie- und Mehr\u00adfach\u00adra\u00adke\u00adten\u00adwer\u00adfer beschos\u00adsen Wohn\u00adan\u00adla\u00adgen und \u00f6ffent\u00adli\u00adche Geb\u00e4ude (die weit\u00adge\u00adhende Ver\u00adscho\u00adnung von Indus\u00adtrie\u00adan\u00adla\u00adgen geht ver\u00admut\u00adlich auf \u201eFrei\u00adkau\u00adfen\u201c durch deren Besit\u00adzer, ins\u00adbe\u00adson\u00addere durch den Olig\u00adar\u00adchen Ach\u00adme\u00adtow zur\u00fcck) um den Wider\u00adstands\u00adwil\u00adlen der Bev\u00f6l\u00adke\u00adrung zu brechen. Sie bewirk\u00adten aller\u00addings das Gegen\u00adteil. Erst im April 2015 konnte die ukrai\u00adni\u00adsche Armee diese H\u00f6hen und die dahin\u00adter lie\u00adgende Ort\u00adschaft Shiro\u00adkine nach blu\u00adti\u00adgen Gefech\u00adten zur\u00fcck\u00ader\u00adobern und so die Stadt aus der unmit\u00adtel\u00adba\u00adren Schuss\u00adli\u00adnie nehmen. Dennoch erfolg\u00adten im Juni 2015 noch\u00admals ein Versuch der rus\u00adsi\u00adschen Armee, die Stadt im Norden zu umfas\u00adsen. Der Angriff schei\u00adterte, und in Teilen konnte die ukrai\u00adni\u00adsche Armee auch weitere H\u00f6hen\u00adlage zur\u00fcck\u00adge\u00adwin\u00adnen. Seitdem herrscht Stel\u00adlungs\u00adkrieg rund um die Stadt. Nach Ein\u00adbruch der Dun\u00adkel\u00adheit, wenn auch die Ger\u00e4u\u00adsche der Stadt leiser werden, h\u00f6rt man das dumpfe Grollen der Artil\u00adle\u00adrie. Nacht f\u00fcr&nbsp;Nacht.&nbsp;<\/p><div class=\"libmod-author-box\"><p><img src=\"https:\/\/libmod.de\/wp-content\/uploads\/gressel_rund.jpg\" alt=\"Portrait von Gustav C. Gressel\"><\/p><p><a href=\"https:\/\/libmod.de\/author\/gressel\/\">Gustav C. Gressel<\/a> ist Senior Policy Fellow beim Euro\u00adpean Council on Foreign Rela\u00adti\u00adons (ECFR).<\/p><\/div>\n<h2>Abge\u00adschnit\u00adten vom&nbsp;Seehandel<\/h2>\n<p>Die Stadt\u00adver\u00adwal\u00adtung von Mari\u00adu\u00adpol hat seither keinen ein\u00adfa\u00adchen Stand. In den Wahlen 2014 setzte sich der \u201eOppo\u00adsi\u00adti\u00adons\u00adblock\u201c als st\u00e4rkste Kraft durch. Daher hat der B\u00fcr\u00adger\u00admeis\u00adter bei der Regie\u00adrung in Kiew kein gutes Ohr. Aller\u00addings besteht seine Mann\u00adschaft aus jungen, meist unter 40 j\u00e4h\u00adri\u00adgen Quer\u00adein\u00adstei\u00adgern, die mit den alten Appa\u00adrat\u00adschiks der Partei der Regio\u00adnen wenig gemein haben. Sie standen vor der nicht leich\u00adten Aufgabe, Mari\u00adu\u00adpol zur neuen Haupt\u00adstadt des Donez\u00adker Oblasts zu machen \u2013 pr\u00e4\u00adzi\u00adser jener Teile des Oblasts die nicht von der rus\u00adsi\u00adschen Armee besetzt sind. Eine zen\u00adtrale Her\u00adaus\u00adfor\u00adde\u00adrung war es,&nbsp;die ent\u00adspre\u00adchende Infra\u00adstruk\u00adtur auf\u00adzu\u00adbauen: neben Ver\u00adwal\u00adtung und Sicher\u00adheits\u00adbe\u00adh\u00f6r\u00adden auch ein Ausbau der Uni\u00adver\u00adsi\u00adt\u00e4t, der wei\u00adter\u00adf\u00fch\u00adren\u00adden Schulen, Ausbau der Kran\u00adken\u00adh\u00e4u\u00adser und Reha\u00adbi\u00adli\u00adta\u00adti\u00adons\u00adein\u00adrich\u00adtun\u00adgen (die kriegs\u00adbe\u00addingt drin\u00adgend gebraucht werden) und der Ver\u00adkehrs\u00adin\u00adfra\u00adstruk\u00adtur. Hinzu kommt ein Wohn\u00adbau\u00adpro\u00adgramm f\u00fcr die zahl\u00adrei\u00adchen Kriegs\u00adfl\u00fccht\u00adlinge, die heute etwa 10 Prozent der Bev\u00f6l\u00adke\u00adrung aus\u00adma\u00adchen. Schlie\u00df\u00adlich galt es den Mari\u00adu\u00adpo\u00adler Gro\u00df\u00adbe\u00adtrie\u00adben durch eine schwie\u00adrige Zeit der Umstel\u00adlung zu helfen. W\u00e4hrend die Stahl\u00adwerke welt\u00adweit expor\u00adtie\u00adren, waren vor allem der Maschin\u00adbau sowie die Loko\u00ad\u00admo\u00ad\u00adtiv- und Wagon\u00adbau\u00adwerke auf Kunden im post\u00adso\u00adwje\u00adti\u00adschen Raum aus\u00adge\u00adrich\u00adtet, der nun durch den Krieg und die Tran\u00adsit\u00adblo\u00adckade Russ\u00adlands (ukrai\u00adni\u00adsche G\u00fcter d\u00fcrfen nicht durch Russ\u00adland nach Kasach\u00adstan oder andere post\u00adso\u00adwje\u00adti\u00adsche Staaten expor\u00adtiert werden) wegfiel. Dennoch konnten die sozia\u00adlen Aus\u00adwir\u00adkun\u00adgen der Auf\u00adtrags\u00adein\u00adr\u00fc\u00adche wei\u00adtest\u00adge\u00adhend abge\u00adfe\u00addert werden. Ab Herbst 2016 began\u00adnen sich die Auf\u00adtrags\u00adb\u00fc\u00adcher wieder zu f\u00fcllen und man belie\u00adferte Kunden in Asien, dem mitt\u00adle\u00adren Osten, der T\u00fcrkei, und Latein\u00adame\u00adrika. Ange\u00adsichts der gewal\u00adti\u00adgen Schwie\u00adrig\u00adkei\u00adten, vor denen die Stadt steht, ist das wirt\u00adschaft\u00adli\u00adche \u00dcber\u00adle\u00adben Mari\u00adu\u00adpols ein kleines&nbsp;Wunder.<\/p>\n<h2>Bricht Russ\u00adland das&nbsp;Seerecht?<\/h2>\n<p>Vor diesem Hin\u00adter\u00adgrund ist die nun durch Russ\u00adland ins Leben geru\u00adfene See\u00adblo\u00adckade Mari\u00adu\u00adpols eine Fort\u00adset\u00adzung der mili\u00adt\u00e4\u00adri\u00adschen Erobe\u00adrungs\u00adver\u00adsu\u00adche mit anderen Mitteln. Bereits die Errich\u00adtung der Br\u00fccke \u00fcber die Stra\u00dfe von Kertsch hatte f\u00fcr Mari\u00adu\u00adpol ein\u00adschnei\u00addende Wirkung. Es k\u00f6nnen nur Schiffe bis zu einer H\u00f6he von 35m \u00fcber der Was\u00adser\u00adli\u00adnie durch die Br\u00fccke pas\u00adsie\u00adren. In Mari\u00adu\u00adpol werden vor allem Roh\u00adstahl und Gro\u00df\u00adma\u00adschi\u00adnen her\u00adge\u00adstellt, deren Ver\u00adla\u00addung auf Schwer\u00adgut\u00adfrach\u00adtern erfolgt. Die Ein\u00adschr\u00e4n\u00adkung in der H\u00f6he f\u00fchrt dazu, dass nur noch wenige dieser Schiffe den Hafen anlau\u00adfen k\u00f6nnen. Zudem begann die rus\u00adsi\u00adsche Marine im Herbst 2017 die Stra\u00dfe von Kertsch ver\u00adst\u00e4rkt zu kon\u00adtrol\u00adlie\u00adren und gele\u00adgent\u00adlich f\u00fcr \u00dcbungen kom\u00adplett zu sperren. Seit Juni 2018 h\u00e4lt Russ\u00adland Schiffe, die Mari\u00adu\u00adpol und den Nach\u00adbar\u00adha\u00adfen Ber\u00add\u00adjansk anlau\u00adfen, tage\u00adlang unter dem Vorwand von Inspek\u00adtio\u00adnen&nbsp;fest.<\/p>\n<p>Die Ukraine hat dies\u00adbe\u00adz\u00fcg\u00adlich bereits 2016 Klage in Den Haag wegen Versto\u00df gegen die inter\u00adna\u00adtio\u00adnale See\u00adrechts\u00adkon\u00adven\u00adtion von 1982 ein\u00adge\u00adbracht. Aus ukrai\u00adni\u00adscher Sicht ist das Azow\u00adsche Meer ein Bin\u00adnen\u00admeer, und die Ukraine hat somit das Recht auf freien Zugang zur hohen See. Unter\u00admau\u00adert wird dieses Argu\u00adment durch den ukrai\u00ad\u00adnisch-rus\u00ad\u00adsi\u00ad\u00adschen Koope\u00adra\u00adti\u00adons\u00adver\u00adtrag zur gemein\u00adsa\u00admen Nutzung des Asow\u00adschen Meeres aus dem Jahr 2003. Darin erkl\u00e4r\u00adten beide Staaten das Asow\u00adsche Meer zu einem Bin\u00adnen\u00admeer. Russ\u00adland hin\u00adge\u00adgen ver\u00adtritt seit 2014 die Ansicht, das Asow\u00adsche Meer sei eine Mee\u00adres\u00adbucht. Russ\u00adland k\u00f6nne deshalb \u00fcber seine ter\u00adri\u00adto\u00adria\u00adlen Gew\u00e4s\u00adser frei ver\u00adf\u00fc\u00adgen und dem\u00adentspre\u00adchend Schiffe will\u00adk\u00fcr\u00adlich fest\u00adhal\u00adtern oder diesen die Durch\u00adreise ver\u00adweh\u00adren. Das rus\u00adsi\u00adsche Vor\u00adge\u00adhen st\u00fctzt sich aller\u00addings weniger auf recht\u00adli\u00adche Argu\u00admente als auf die enorme mili\u00adt\u00e4\u00adri\u00adsche \u00dcber\u00adle\u00adgen\u00adheit der rus\u00adsi\u00adschen Schwarzmeerflotte.<\/p>\n<h2>Was ist Putins&nbsp;Plan?<\/h2>\n<p>Russ\u00adland will durch diese Blo\u00adckade den wirt\u00adschaft\u00adli\u00adchen Druck auf Mari\u00adu\u00adpol erh\u00f6hen und seine Ein\u00adsch\u00fcch\u00adte\u00adrungs- und Ermat\u00adtungs\u00adtak\u00adtik durch eine mari\u00adtime Kom\u00adpo\u00adnente erg\u00e4n\u00adzen. Gleich\u00adzei\u00adtig mit der See\u00adblo\u00adckade kam es zu meh\u00adre\u00adren mili\u00adt\u00e4\u00adri\u00adschen Zwi\u00adschen\u00adf\u00e4l\u00adlen um den Vorort Schi\u00adro\u00adkine. Der Artil\u00adle\u00adrie\u00adbe\u00adschuss durch rus\u00adsi\u00adsche Streit\u00adkr\u00e4fte nahm im Juli und August 2018 erheb\u00adlich zu. Auch \u00fcbte die rus\u00adsi\u00adsche Schwarz\u00admee\u00adflotte im Sommer amphi\u00adbi\u00adsche Ope\u00adra\u00adtio\u00adnen im Asow\u00adschen Meer und in der Stra\u00dfe von Kertsch. Die ukrai\u00adni\u00adsche Armee bef\u00fcrch\u00adtet durch einen rus\u00adsi\u00adschen Angriff von See aus umfasst zu werden. Auch kam es im Sommer zu einer erh\u00f6h\u00adten T\u00e4tig\u00adkeit von St\u00f6r\u00adsen\u00addern, Pro\u00adpa\u00adgan\u00adda\u00adak\u00adtio\u00adnen und T\u00e4tig\u00adkei\u00adten sub\u00adver\u00adsi\u00adver rus\u00adsi\u00adscher Orga\u00adni\u00adsa\u00adtio\u00adnen. Der ukrai\u00adni\u00adsche Geheim\u00addienst SBU ist damit besch\u00e4f\u00adtigt, in einem st\u00e4n\u00addi\u00adges Katz- und Maus-Spiel mit seinem Donez\u00adker \u201eGegen\u00adst\u00fcck\u201c MGB nach Mari\u00adu\u00adpol ein\u00adge\u00adschleuste Agenten und Pro\u00advo\u00adka\u00adteure zu ent\u00adtar\u00adnen. Sowohl der SBU als auch die ukrai\u00adni\u00adsche Armee gehen davon aus, dass diese erh\u00f6h\u00adten Akti\u00advi\u00adt\u00e4\u00adten zur Vor\u00adbe\u00adrei\u00adtung gr\u00f6\u00ad\u00dfe\u00adrer rus\u00adsi\u00adscher Ope\u00adra\u00adtio\u00adnen gegen Mari\u00adu\u00adpol dienen&nbsp;k\u00f6nnten.<\/p>\n<h2>Und der&nbsp;Westen?<\/h2>\n<p>Aus dem Westen ist derzeit wenig \u00fcber die Lage am Asow\u00adschen Meer zu h\u00f6ren. Sich zumin\u00addest der v\u00f6l\u00adker\u00adrecht\u00adli\u00adchen Sicht der Ukraine anzu\u00adschlie\u00ad\u00dfen und auf einen freien Zugang f\u00fcr die zivile Schiff\u00adfahrt zu pochen, w\u00fcrde die Euro\u00adp\u00e4er nicht viel kosten und sich auch mit der Posi\u00adtion der EU zu anderen strit\u00adti\u00adgen Aus\u00adle\u00adgun\u00adgen der inter\u00adna\u00adtio\u00adna\u00adlen See\u00adrechts\u00adkon\u00adven\u00adtion decken. Das Ver\u00adhal\u00adten Russ\u00adlands stellt einen wei\u00adte\u00adren V\u00f6l\u00adker\u00adrechts\u00adbruch dar, der durch eine Ver\u00adsch\u00e4r\u00adfung der Sank\u00adtio\u00adnen gegen Moskau beant\u00adwor\u00adten werden sollte. Leider ist in dieser Frage die EU weit gespal\u00adte\u00adner als 2014. So konnte man sich auch nach dem Giftgas-Anschlag von Salis\u00adbury nicht auf eine gemein\u00adsame Antwort&nbsp;einigen.<\/p>\n<h2>Erdogan deckt Russ\u00adland den&nbsp;R\u00fccken<\/h2>\n<p>Der einzige NATO-Staat, der wirk\u00adlich einen Hebel gegen\u00ad\u00fcber Moskau in der Hand hat, ist die T\u00fcrkei. Denn das Schwarze Meer ist auch ein Bin\u00adnen\u00admeer, dessen Zugang aus\u00adschlie\u00df\u00adlich durch ter\u00adri\u00adto\u00adriale Gew\u00e4s\u00adser der T\u00fcrkei erfolgt. Dass die T\u00fcrkei die Dar\u00adda\u00adnel\u00adlen offen\u00adh\u00e4lt, ist f\u00fcr den rus\u00adsi\u00adschen Nach\u00adschub f\u00fcr Syrien stra\u00adte\u00adgisch wichtig. W\u00fcrde sich die T\u00fcrkei mit der Ukraine soli\u00adda\u00adri\u00adsie\u00adren und sich rezi\u00adprok ver\u00adhal\u00adten, m\u00fcsste Moskau seine Haltung umge\u00adhend \u00e4ndern. Doch die Chancen, dass Erdogan sich dazu bewegen l\u00e4sst, stehen gegen Null. Im Gegen\u00adteil, die stra\u00adte\u00adgi\u00adsche Zusam\u00admen\u00adar\u00adbeit zwi\u00adschen Russ\u00adland und der T\u00fcrkei ist seit dem geschei\u00adter\u00adten Putsch\u00adver\u00adsuch 2016 sehr eng gewor\u00adden. Erdogan koor\u00addi\u00adniert seine mili\u00adt\u00e4\u00adri\u00adschen Ope\u00adra\u00adtio\u00adnen in Syrien eng mit Moskau und hat kein Inter\u00adesse, Russ\u00adland im Weg zu stehen. Es benutzt die Kon\u00adven\u00adtion von Mon\u00adtreux eher dazu, die US Navy und die ver\u00adb\u00fcn\u00adde\u00adten Flotten von NATO-Staaten aus dem Schwar\u00adzen Meer heraus zu halten und sichert damit indi\u00adrekt der rus\u00adsi\u00adschen Marine volle Hand\u00adlungs\u00adfrei\u00adheit gegen die&nbsp;Ukraine.<\/p>\n<p>Russ\u00adland in dieser Frage wider\u00adspruchs\u00adlos gew\u00e4h\u00adren zu lassen, leistet einer wei\u00adte\u00adren Eska\u00adla\u00adtion des Kon\u00adflikts Vor\u00adschub. Ange\u00adsichts der ange\u00adspann\u00adten mili\u00adt\u00e4\u00adri\u00adschen Lage um Mari\u00adu\u00adpol ist es grob fahr\u00adl\u00e4s\u00adsig, unt\u00e4tig zu bleiben und zu hoffen, dass sich die Span\u00adnun\u00adgen von alleine legen. Abge\u00adse\u00adhen von den erheb\u00adli\u00adchen \u00f6ko\u00adno\u00admi\u00adschen Kosten, die der Ukraine durch den Ausfall von Mari\u00adu\u00adpol als Export\u00adha\u00adfen ent\u00adste\u00adhen, wird Russ\u00adland seinen mili\u00adt\u00e4\u00adri\u00adschen Druck auf die ukrai\u00adni\u00adsche K\u00fcste weiter ver\u00adsch\u00e4r\u00adfen. Man muss davon aus\u00adge\u00adhen, dass der Kreml das Ziel beharr\u00adlich wei\u00adter\u00adver\u00adfolgt, Mari\u00adu\u00adpol und den S\u00fcd\u00ados\u00adten der Ukraine unter seine Kon\u00adtrolle zu bringen. Es wird h\u00f6chste Zeit, diesen Pl\u00e4nen einen Riegel vor\u00adzu\u00adschie\u00adben, bevor es zu neuem Blut\u00adver\u00adgie\u00ad\u00dfen&nbsp;kommt.<\/p>\n<p><img class=\"alignnone wp-image-23921 size-full\" src=\"https:\/\/russlandverstehen.eu\/wp-content\/uploads\/textende.png\" alt=\"Textende\" width=\"40\" height=\"120\">[\/vc_column_text][vc_separator][vc_column_text]Hat Ihnen unser Beitrag gefal\u00adlen? Dann spenden Sie doch einfach und bequem \u00fcber unser Spen\u00adden\u00adtool. Sie unter\u00adst\u00fct\u00adzen damit die publi\u00adzis\u00adti\u00adsche Arbeit von&nbsp;LibMod.<\/p>\n<p>[\/vc_column_text][vc_column_text]<script type=\"text\/javascript\">\n\t(function() {\n\t\tvar u=\"https:\/\/spenden.twingle.de\/embed\/genericorganisation\/genericproject\/tw5aeafe12eb6cb\/widget\";\n\t\tvar id = '_' + Math.random().toString(36).substr(2, 9);\n\t\tvar d=document, g=d.createElement('script'), s=d.getElementsByTagName('script')[0];\n\t\tdocument.write('<div id=\"twingle-public-embed-' + id + '\"><\/div>');\n\t\tg.type='text\/javascript'; g.async=true; g.defer=true; g.src=u+'\/'+id; s.parentNode.insertBefore(g,s);\n\t})();\n<\/script>[\/vc_column_text][vc_column_text]Wir sind als gemein\u00adn\u00fct\u00adzig aner\u00adkannt, ent\u00adspre\u00adchend sind Spenden steu\u00ader\u00adlich absetz\u00adbar. F\u00fcr eine Spen\u00adden\u00adbe\u00adschei\u00adni\u00adgung (n\u00f6tig bei einem Betrag \u00fcber 200 EUR), senden Sie Ihre Adress\u00adda\u00adten bitte an <a href=\"mailto:finanzen@libmod.de\">finanzen@libmod.de<\/a><\/p>\n<p>&nbsp;<\/p>\n<p>[\/vc_column_text][\/vc_column][vc_column width=\u201e1\/3\u201c el_class=\u201edimmer\u201c][vc_empty_space height=\u201e130px\u201c][vc_column_text]<\/p>\n<h2>Ver\u00adwandte&nbsp;Themen<\/h2>\n<p>[\/vc_column_text][vc_basic_grid post_type=\u201epost\u201c max_items=\u201e3\u201c element_width=\u201e12\u201c item=\u201e24066\u201c grid_id=\u201evc_gid:1536161255861\u20137461f127-8c8f\u20113\u201c css=\u201c.vc_custom_1510528604730{background-color: #ffffff !important;}\u201c taxonomies=\u201e48\u201c][vc_row_inner css=\u201c.vc_custom_1508164629489{margin-top: 30px !important;margin-right: 0px !important;margin-left: 0px !important;background-color: #03d0b6 !important;}\u201c][vc_column_inner][vc_column_text css=\u201c.vc_custom_1508167210959{margin-top: \u201115px !important;}\u201c]<\/p>\n<h2><span style=\"color: #ffffff;\">News\u00adlet\u00adter&nbsp;bestellen<\/span><\/h2>\n<p>[\/vc_column_text][vc_column_text css=\u201c.vc_custom_1508166779270{margin-top: \u201110px !important;}\u201c]Mit dem LibMod-News\u00adlet\u00adter erhal\u00adten Sie regel\u00adm\u00e4\u00ad\u00dfig Neu\u00adig\u00adkei\u00adten zu unseren Themen in Ihr&nbsp;Postfach.<\/p>\n<p><script>(function() {\n\twindow.mc4wp = window.mc4wp || {\n\t\tlisteners: [],\n\t\tforms: {\n\t\t\ton: function(evt, cb) {\n\t\t\t\twindow.mc4wp.listeners.push(\n\t\t\t\t\t{\n\t\t\t\t\t\tevent   : evt,\n\t\t\t\t\t\tcallback: cb\n\t\t\t\t\t}\n\t\t\t\t);\n\t\t\t}\n\t\t}\n\t}\n})();\n<\/script><!-- Mailchimp for WordPress v4.12.2 - https:\/\/wordpress.org\/plugins\/mailchimp-for-wp\/ --><\/p><form id=\"mc4wp-form-1\" class=\"mc4wp-form mc4wp-form-24179 mc4wp-form-theme mc4wp-form-theme-light\" method=\"post\" data-id=\"24179\" data-name=\"LibMod Newsletter\"><div class=\"mc4wp-form-fields\"><p>\n    <label>Anrede<\/label>\n    <select name=\"ANREDE\" required>\n        <option value=\"Frau\" selected=\"true\">Frau<\/option>\n        <option value=\"Herr\">Herr<\/option>\n        <option value=\"X\">X<\/option>\n    <\/select>\n<\/p>\n<p>\n    <label>Insti\u00adtu\u00adtion<\/label>\n    <input name=\"MMERGE3\" type=\"text\">\n<\/p>\n<p>\n    <label>Nach\u00adname<\/label>\n    <input name=\"MMERGE2\" required type=\"text\">\n<\/p>\n<p>\n    <label>Vorname<\/label>\n    <input name=\"MMERGE1\" required type=\"text\">\n<\/p>\n<p>\n    <label>Kate\u00adgo\u00adrie<\/label>\n    <select name=\"KATEGORIE\" required>\n        <option value=\"Newsletter\" selected=\"true\">Newsletter<\/option>\n    <\/select>\n<\/p>\n<p><input type=\"email\" name=\"EMAIL\" placeholder=\"Ihre Mail-Addresse\" required>\n<\/p><p>Mit unseren <span style=\"color: #000000;\"><a style=\"color: #000000;\" href=\"https:\/\/libmod.de\/datenschutzerklaerung\/\" target=\"_blank\" rel=\"noopener\">Daten\u00adschutz\u00adbe\u00adstim\u00admun\u00adgen<\/a><\/span> erkl\u00e4\u00adren Sie sich einverstanden.<br>\n<input type=\"submit\" value=\"Absenden\"><\/p><\/div><label style=\"display: none !important;\">Wenn du ein Mensch bist, lasse das Feld&nbsp;leer:&nbsp;<input type=\"text\" name=\"_mc4wp_honeypot\" value tabindex=\"-1\" autocomplete=\"off\"><\/label><input type=\"hidden\" name=\"_mc4wp_timestamp\" value=\"1777597338\"><input type=\"hidden\" name=\"_mc4wp_form_id\" value=\"24179\"><input type=\"hidden\" name=\"_mc4wp_form_element_id\" value=\"mc4wp-form-1\"><div class=\"mc4wp-response\"><\/div><\/form><!-- \/ Mailchimp for WordPress Plugin -->[\/vc_column_text][\/vc_column_inner][\/vc_row_inner][\/vc_column][\/vc_row]\n<\/div>","protected":false},"excerpt":{"rendered":"<p>[vc_row][vc_column][vc_column_text] [\/vc_column_text][\/vc_column][\/vc_row][vc_row css=\u201c.vc_custom_1508251598805{margin-top: 30px !important;}\u201c][vc_column width=\u201e2\/3\u201c css=\u201c.vc_custom_1508252250311{padding-right: 20px !important;}\u201c][vc_column_text] Rus\u00adsi\u00adsche Schi\u00adka\u00adnen im Azow\u00adschen Meer schnei\u00adden die ukrai\u00adni\u00adsche Hafen\u00adstadt Mariu\u00adpol nahezu voll\u00adst\u00e4n\u00addig vom Welt\u00adhan\u00addel ab. Durch die See\u00adblo\u00adckade k\u00f6nnte Russ\u00adland&nbsp;einen...<\/p>\n","protected":false},"author":29,"featured_media":39158,"comment_status":"closed","ping_status":"closed","sticky":false,"template":"","format":"standard","meta":{"_acf_changed":false,"wp_typography_post_enhancements_disabled":false,"footnotes":""},"categories":[20],"tags":[1773,48,30,3773,5229,25],"class_list":["post-29089","post","type-post","status-publish","format-standard","has-post-thumbnail","category-analyse","tag-krieg-und-frieden","tag-oestliche-nachbarschaft","tag-russland","tag-sicherheitspolitik","tag-snyder","tag-ukraine"],"acf":[],"yoast_head":"<!-- This site is optimized with the Yoast SEO Premium plugin v25.0 (Yoast SEO v27.5) - https:\/\/yoast.com\/product\/yoast-seo-premium-wordpress\/ -->\n<title>Ukrai\u00adne\u00adkon\u00adflikt: Russ\u00adlands See\u00adblo\u00adckade im Schwar\u00adzen Meer<\/title>\n<meta name=\"description\" content=\"Rus\u00adsi\u00adsche Schi\u00adka\u00adnen im Azow\u00adschen Meer schnei\u00adden die ukrai\u00adni\u00adsche Hafen\u00adstadt Mari\u00adu\u00adpol seit einigen Wochen nahezu voll\u00adst\u00e4n\u00addig vom Welt\u00adhan\u00addel ab.\" \/>\n<meta name=\"robots\" content=\"index, follow, max-snippet:-1, max-image-preview:large, max-video-preview:-1\" \/>\n<link rel=\"canonical\" href=\"https:\/\/russlandverstehen.eu\/de\/gustav-gressel-ukrainekrieg-russlands-seeblockade-im-schwarzen-meer\/\" \/>\n<meta property=\"og:locale\" content=\"de_DE\" \/>\n<meta property=\"og:type\" content=\"article\" \/>\n<meta property=\"og:title\" content=\"Ukrai\u00adne\u00adkon\u00adflikt: Russ\u00adlands See\u00adblo\u00adckade im Schwar\u00adzen Meer | Folgt ein Angriff auf Mariupol?\" \/>\n<meta property=\"og:description\" content=\"Rus\u00adsi\u00adsche Schi\u00adka\u00adnen im Azow\u00adschen Meer schnei\u00adden die ukrai\u00adni\u00adsche Hafen\u00adstadt Mari\u00adu\u00adpol seit einigen Wochen nahezu voll\u00adst\u00e4n\u00addig vom Welt\u00adhan\u00addel ab.\" \/>\n<meta property=\"og:url\" content=\"https:\/\/russlandverstehen.eu\/de\/gustav-gressel-ukrainekrieg-russlands-seeblockade-im-schwarzen-meer\/\" \/>\n<meta property=\"og:site_name\" content=\"Russland verstehen\" \/>\n<meta property=\"article:publisher\" content=\"https:\/\/www.facebook.com\/LiberaleModerne\/\" \/>\n<meta property=\"article:published_time\" content=\"2018-09-05T14:58:04+00:00\" \/>\n<meta property=\"article:modified_time\" content=\"2020-08-17T18:03:53+00:00\" \/>\n<meta property=\"og:image\" content=\"https:\/\/russlandverstehen.eu\/wp-content\/uploads\/Black-Sea-US-Navy-thegem-blog-timeline-large-1.jpg\" \/>\n\t<meta property=\"og:image:width\" content=\"720\" \/>\n\t<meta property=\"og:image:height\" content=\"480\" \/>\n\t<meta property=\"og:image:type\" content=\"image\/jpeg\" \/>\n<meta name=\"author\" content=\"Gustav C. Gressel\" \/>\n<meta name=\"twitter:card\" content=\"summary_large_image\" \/>\n<meta name=\"twitter:title\" content=\"Ukrai\u00adne\u00adkon\u00adflikt: Russ\u00adlands See\u00adblo\u00adckade im Schwar\u00adzen Meer\" \/>\n<meta name=\"twitter:description\" content=\"Mit der Seeblockade k\u00f6nnte Russland einen milit\u00e4rischen Angriff auf die Hafenstadt Mariupol vorbereiten\" \/>\n<meta name=\"twitter:creator\" content=\"@liberalemoderne\" \/>\n<meta name=\"twitter:site\" content=\"@liberalemoderne\" \/>\n<meta name=\"twitter:label1\" content=\"Verfasst von\" \/>\n\t<meta name=\"twitter:data1\" content=\"Gustav C. Gressel\" \/>\n\t<meta name=\"twitter:label2\" content=\"Gesch\u00e4tzte Lesezeit\" \/>\n\t<meta name=\"twitter:data2\" content=\"14\u00a0Minuten\" \/>\n<script type=\"application\/ld+json\" class=\"yoast-schema-graph\">{\"@context\":\"https:\\\/\\\/schema.org\",\"@graph\":[{\"@type\":\"Article\",\"@id\":\"https:\\\/\\\/russlandverstehen.eu\\\/de\\\/gustav-gressel-ukrainekrieg-russlands-seeblockade-im-schwarzen-meer\\\/#article\",\"isPartOf\":{\"@id\":\"https:\\\/\\\/russlandverstehen.eu\\\/de\\\/gustav-gressel-ukrainekrieg-russlands-seeblockade-im-schwarzen-meer\\\/\"},\"author\":{\"name\":\"Gustav C. Gressel\",\"@id\":\"\\\/#\\\/schema\\\/person\\\/e0fd1f9f66dc7db6ccded19ae5acf882\"},\"headline\":\"Ukrai\u00adne\u00adkon\u00adflikt: Russ\u00adlands See\u00adblo\u00adckade im Schwar\u00adzen&nbsp;Meer\",\"datePublished\":\"2018-09-05T14:58:04+00:00\",\"dateModified\":\"2020-08-17T18:03:53+00:00\",\"mainEntityOfPage\":{\"@id\":\"https:\\\/\\\/russlandverstehen.eu\\\/de\\\/gustav-gressel-ukrainekrieg-russlands-seeblockade-im-schwarzen-meer\\\/\"},\"wordCount\":2742,\"publisher\":{\"@id\":\"\\\/#organization\"},\"image\":{\"@id\":\"https:\\\/\\\/russlandverstehen.eu\\\/de\\\/gustav-gressel-ukrainekrieg-russlands-seeblockade-im-schwarzen-meer\\\/#primaryimage\"},\"thumbnailUrl\":\"https:\\\/\\\/russlandverstehen.eu\\\/wp-content\\\/uploads\\\/Black-Sea-US-Navy-thegem-blog-timeline-large-1.jpg\",\"keywords\":[\"Krieg und Frieden\",\"\u00d6stliche Nachbarschaft\",\"Russland\",\"Sicherheitspolitik\",\"Snyder\",\"Ukraine\"],\"articleSection\":[\"Analyse&emsp;\"],\"inLanguage\":\"de\"},{\"@type\":\"WebPage\",\"@id\":\"https:\\\/\\\/russlandverstehen.eu\\\/de\\\/gustav-gressel-ukrainekrieg-russlands-seeblockade-im-schwarzen-meer\\\/\",\"url\":\"https:\\\/\\\/russlandverstehen.eu\\\/de\\\/gustav-gressel-ukrainekrieg-russlands-seeblockade-im-schwarzen-meer\\\/\",\"name\":\"Ukrai\u00adne\u00adkon\u00adflikt: Russ\u00adlands See\u00adblo\u00adckade im Schwar\u00adzen Meer\",\"isPartOf\":{\"@id\":\"\\\/#website\"},\"primaryImageOfPage\":{\"@id\":\"https:\\\/\\\/russlandverstehen.eu\\\/de\\\/gustav-gressel-ukrainekrieg-russlands-seeblockade-im-schwarzen-meer\\\/#primaryimage\"},\"image\":{\"@id\":\"https:\\\/\\\/russlandverstehen.eu\\\/de\\\/gustav-gressel-ukrainekrieg-russlands-seeblockade-im-schwarzen-meer\\\/#primaryimage\"},\"thumbnailUrl\":\"https:\\\/\\\/russlandverstehen.eu\\\/wp-content\\\/uploads\\\/Black-Sea-US-Navy-thegem-blog-timeline-large-1.jpg\",\"datePublished\":\"2018-09-05T14:58:04+00:00\",\"dateModified\":\"2020-08-17T18:03:53+00:00\",\"description\":\"Rus\u00adsi\u00adsche Schi\u00adka\u00adnen im Azow\u00adschen Meer schnei\u00adden die ukrai\u00adni\u00adsche Hafen\u00adstadt Mari\u00adu\u00adpol seit einigen Wochen nahezu voll\u00adst\u00e4n\u00addig vom Welt\u00adhan\u00addel ab.\",\"breadcrumb\":{\"@id\":\"https:\\\/\\\/russlandverstehen.eu\\\/de\\\/gustav-gressel-ukrainekrieg-russlands-seeblockade-im-schwarzen-meer\\\/#breadcrumb\"},\"inLanguage\":\"de\",\"potentialAction\":[{\"@type\":\"ReadAction\",\"target\":[\"https:\\\/\\\/russlandverstehen.eu\\\/de\\\/gustav-gressel-ukrainekrieg-russlands-seeblockade-im-schwarzen-meer\\\/\"]}]},{\"@type\":\"ImageObject\",\"inLanguage\":\"de\",\"@id\":\"https:\\\/\\\/russlandverstehen.eu\\\/de\\\/gustav-gressel-ukrainekrieg-russlands-seeblockade-im-schwarzen-meer\\\/#primaryimage\",\"url\":\"https:\\\/\\\/russlandverstehen.eu\\\/wp-content\\\/uploads\\\/Black-Sea-US-Navy-thegem-blog-timeline-large-1.jpg\",\"contentUrl\":\"https:\\\/\\\/russlandverstehen.eu\\\/wp-content\\\/uploads\\\/Black-Sea-US-Navy-thegem-blog-timeline-large-1.jpg\",\"width\":720,\"height\":480,\"caption\":\"\u00a9 U.S. Navy\"},{\"@type\":\"BreadcrumbList\",\"@id\":\"https:\\\/\\\/russlandverstehen.eu\\\/de\\\/gustav-gressel-ukrainekrieg-russlands-seeblockade-im-schwarzen-meer\\\/#breadcrumb\",\"itemListElement\":[{\"@type\":\"ListItem\",\"position\":1,\"name\":\"Startseite\",\"item\":\"https:\\\/\\\/russlandverstehen.eu\\\/de\\\/\"},{\"@type\":\"ListItem\",\"position\":2,\"name\":\"Ukrai\u00adne\u00adkon\u00adflikt: Russ\u00adlands See\u00adblo\u00adckade im Schwar\u00adzen&nbsp;Meer\"}]},{\"@type\":\"WebSite\",\"@id\":\"\\\/#website\",\"url\":\"\\\/\",\"name\":\"Russland verstehen\",\"description\":\"Zentrum Liberale Moderne\",\"publisher\":{\"@id\":\"\\\/#organization\"},\"potentialAction\":[{\"@type\":\"SearchAction\",\"target\":{\"@type\":\"EntryPoint\",\"urlTemplate\":\"\\\/?s={search_term_string}\"},\"query-input\":{\"@type\":\"PropertyValueSpecification\",\"valueRequired\":true,\"valueName\":\"search_term_string\"}}],\"inLanguage\":\"de\"},{\"@type\":\"Organization\",\"@id\":\"\\\/#organization\",\"name\":\"Russland verstehen\",\"url\":\"\\\/\",\"logo\":{\"@type\":\"ImageObject\",\"inLanguage\":\"de\",\"@id\":\"\\\/#\\\/schema\\\/logo\\\/image\\\/\",\"url\":\"\",\"contentUrl\":\"\",\"caption\":\"Russland verstehen\"},\"image\":{\"@id\":\"\\\/#\\\/schema\\\/logo\\\/image\\\/\"},\"sameAs\":[\"https:\\\/\\\/www.facebook.com\\\/LiberaleModerne\\\/\",\"https:\\\/\\\/x.com\\\/liberalemoderne\"]},{\"@type\":\"Person\",\"@id\":\"\\\/#\\\/schema\\\/person\\\/e0fd1f9f66dc7db6ccded19ae5acf882\",\"name\":\"Gustav C. Gressel\",\"image\":{\"@type\":\"ImageObject\",\"inLanguage\":\"de\",\"@id\":\"https:\\\/\\\/russlandverstehen.eu\\\/wp-content\\\/uploads\\\/Gressel_rund-1-150x150.jpg\",\"url\":\"https:\\\/\\\/russlandverstehen.eu\\\/wp-content\\\/uploads\\\/Gressel_rund-1-150x150.jpg\",\"contentUrl\":\"https:\\\/\\\/russlandverstehen.eu\\\/wp-content\\\/uploads\\\/Gressel_rund-1-150x150.jpg\",\"caption\":\"Gustav C. Gressel\"},\"description\":\"Gustav C. Gressel ist seit November 2014 Senior Policy Fellow im Wider Europe Programme des European Council on Foreign Relations (ECFR) in Berlin. Die Schwerpunkte seiner Arbeit liegen auf milit\u00e4rischen und strategischen Fragen in Osteuropa, insbesondere dem Krieg in der Ukraine. Von 2006 bis 2014 war Gustav Gressel Referent f\u00fcr Internationale Sicherheitspolitik und Strategie im B\u00fcro f\u00fcr Sicherheitspolitik des Bundesministeriums f\u00fcr Landesverteidigung und Sport in Wien und von 2003 bis 2006 wissenschaftlicher Mitarbeiter des Beauftragten f\u00fcr Strategische Studien im selben B\u00fcro. Dieser T\u00e4tigkeit ging eine f\u00fcnfj\u00e4hrige Dienstzeit im \u00f6sterreichischen Bundesheer voraus. Nebenbei nahm er T\u00e4tigkeiten als wissenschaftlicher Mitarbeiter im Internationalen Institut f\u00fcr Liberale Politik Wien sowie Redaktionst\u00e4tigkeiten bei der Wiener Kulturzeitschrift \u201eDavid\u201c wahr. Gustav C. Gressel studierte Politikwissenschaft an der Universit\u00e4t Salzburg und schloss sein Doktorat in Strategischen Studien an der Zrinyi Miklos National Defence University in Budapest (heute National University of Public Service) ab.\",\"url\":\"https:\\\/\\\/russlandverstehen.eu\\\/de\\\/author\\\/gressel\\\/\"}]}<\/script>\n<!-- \/ Yoast SEO Premium plugin. -->","yoast_head_json":{"title":"Ukrai\u00adne\u00adkon\u00adflikt: Russ\u00adlands See\u00adblo\u00adckade im Schwar\u00adzen Meer","description":"Rus\u00adsi\u00adsche Schi\u00adka\u00adnen im Azow\u00adschen Meer schnei\u00adden die ukrai\u00adni\u00adsche Hafen\u00adstadt Mari\u00adu\u00adpol seit einigen Wochen nahezu voll\u00adst\u00e4n\u00addig vom Welt\u00adhan\u00addel ab.","robots":{"index":"index","follow":"follow","max-snippet":"max-snippet:-1","max-image-preview":"max-image-preview:large","max-video-preview":"max-video-preview:-1"},"canonical":"https:\/\/russlandverstehen.eu\/de\/gustav-gressel-ukrainekrieg-russlands-seeblockade-im-schwarzen-meer\/","og_locale":"de_DE","og_type":"article","og_title":"Ukrai\u00adne\u00adkon\u00adflikt: Russ\u00adlands See\u00adblo\u00adckade im Schwar\u00adzen Meer | Folgt ein Angriff auf Mariupol?","og_description":"Rus\u00adsi\u00adsche Schi\u00adka\u00adnen im Azow\u00adschen Meer schnei\u00adden die ukrai\u00adni\u00adsche Hafen\u00adstadt Mari\u00adu\u00adpol seit einigen Wochen nahezu voll\u00adst\u00e4n\u00addig vom Welt\u00adhan\u00addel ab.","og_url":"https:\/\/russlandverstehen.eu\/de\/gustav-gressel-ukrainekrieg-russlands-seeblockade-im-schwarzen-meer\/","og_site_name":"Russland verstehen","article_publisher":"https:\/\/www.facebook.com\/LiberaleModerne\/","article_published_time":"2018-09-05T14:58:04+00:00","article_modified_time":"2020-08-17T18:03:53+00:00","og_image":[{"width":720,"height":480,"url":"https:\/\/russlandverstehen.eu\/wp-content\/uploads\/Black-Sea-US-Navy-thegem-blog-timeline-large-1.jpg","type":"image\/jpeg"}],"author":"Gustav C. Gressel","twitter_card":"summary_large_image","twitter_title":"Ukrai\u00adne\u00adkon\u00adflikt: Russ\u00adlands See\u00adblo\u00adckade im Schwar\u00adzen Meer","twitter_description":"Mit der Seeblockade k\u00f6nnte Russland einen milit\u00e4rischen Angriff auf die Hafenstadt Mariupol vorbereiten","twitter_creator":"@liberalemoderne","twitter_site":"@liberalemoderne","twitter_misc":{"Verfasst von":"Gustav C. Gressel","Gesch\u00e4tzte Lesezeit":"14\u00a0Minuten"},"schema":{"@context":"https:\/\/schema.org","@graph":[{"@type":"Article","@id":"https:\/\/russlandverstehen.eu\/de\/gustav-gressel-ukrainekrieg-russlands-seeblockade-im-schwarzen-meer\/#article","isPartOf":{"@id":"https:\/\/russlandverstehen.eu\/de\/gustav-gressel-ukrainekrieg-russlands-seeblockade-im-schwarzen-meer\/"},"author":{"name":"Gustav C. Gressel","@id":"\/#\/schema\/person\/e0fd1f9f66dc7db6ccded19ae5acf882"},"headline":"Ukrai\u00adne\u00adkon\u00adflikt: Russ\u00adlands See\u00adblo\u00adckade im Schwar\u00adzen&nbsp;Meer","datePublished":"2018-09-05T14:58:04+00:00","dateModified":"2020-08-17T18:03:53+00:00","mainEntityOfPage":{"@id":"https:\/\/russlandverstehen.eu\/de\/gustav-gressel-ukrainekrieg-russlands-seeblockade-im-schwarzen-meer\/"},"wordCount":2742,"publisher":{"@id":"\/#organization"},"image":{"@id":"https:\/\/russlandverstehen.eu\/de\/gustav-gressel-ukrainekrieg-russlands-seeblockade-im-schwarzen-meer\/#primaryimage"},"thumbnailUrl":"https:\/\/russlandverstehen.eu\/wp-content\/uploads\/Black-Sea-US-Navy-thegem-blog-timeline-large-1.jpg","keywords":["Krieg und Frieden","\u00d6stliche Nachbarschaft","Russland","Sicherheitspolitik","Snyder","Ukraine"],"articleSection":["Analyse&emsp;"],"inLanguage":"de"},{"@type":"WebPage","@id":"https:\/\/russlandverstehen.eu\/de\/gustav-gressel-ukrainekrieg-russlands-seeblockade-im-schwarzen-meer\/","url":"https:\/\/russlandverstehen.eu\/de\/gustav-gressel-ukrainekrieg-russlands-seeblockade-im-schwarzen-meer\/","name":"Ukrai\u00adne\u00adkon\u00adflikt: Russ\u00adlands See\u00adblo\u00adckade im Schwar\u00adzen Meer","isPartOf":{"@id":"\/#website"},"primaryImageOfPage":{"@id":"https:\/\/russlandverstehen.eu\/de\/gustav-gressel-ukrainekrieg-russlands-seeblockade-im-schwarzen-meer\/#primaryimage"},"image":{"@id":"https:\/\/russlandverstehen.eu\/de\/gustav-gressel-ukrainekrieg-russlands-seeblockade-im-schwarzen-meer\/#primaryimage"},"thumbnailUrl":"https:\/\/russlandverstehen.eu\/wp-content\/uploads\/Black-Sea-US-Navy-thegem-blog-timeline-large-1.jpg","datePublished":"2018-09-05T14:58:04+00:00","dateModified":"2020-08-17T18:03:53+00:00","description":"Rus\u00adsi\u00adsche Schi\u00adka\u00adnen im Azow\u00adschen Meer schnei\u00adden die ukrai\u00adni\u00adsche Hafen\u00adstadt Mari\u00adu\u00adpol seit einigen Wochen nahezu voll\u00adst\u00e4n\u00addig vom Welt\u00adhan\u00addel ab.","breadcrumb":{"@id":"https:\/\/russlandverstehen.eu\/de\/gustav-gressel-ukrainekrieg-russlands-seeblockade-im-schwarzen-meer\/#breadcrumb"},"inLanguage":"de","potentialAction":[{"@type":"ReadAction","target":["https:\/\/russlandverstehen.eu\/de\/gustav-gressel-ukrainekrieg-russlands-seeblockade-im-schwarzen-meer\/"]}]},{"@type":"ImageObject","inLanguage":"de","@id":"https:\/\/russlandverstehen.eu\/de\/gustav-gressel-ukrainekrieg-russlands-seeblockade-im-schwarzen-meer\/#primaryimage","url":"https:\/\/russlandverstehen.eu\/wp-content\/uploads\/Black-Sea-US-Navy-thegem-blog-timeline-large-1.jpg","contentUrl":"https:\/\/russlandverstehen.eu\/wp-content\/uploads\/Black-Sea-US-Navy-thegem-blog-timeline-large-1.jpg","width":720,"height":480,"caption":"\u00a9 U.S. Navy"},{"@type":"BreadcrumbList","@id":"https:\/\/russlandverstehen.eu\/de\/gustav-gressel-ukrainekrieg-russlands-seeblockade-im-schwarzen-meer\/#breadcrumb","itemListElement":[{"@type":"ListItem","position":1,"name":"Startseite","item":"https:\/\/russlandverstehen.eu\/de\/"},{"@type":"ListItem","position":2,"name":"Ukrai\u00adne\u00adkon\u00adflikt: Russ\u00adlands See\u00adblo\u00adckade im Schwar\u00adzen&nbsp;Meer"}]},{"@type":"WebSite","@id":"\/#website","url":"\/","name":"Russland verstehen","description":"Zentrum Liberale Moderne","publisher":{"@id":"\/#organization"},"potentialAction":[{"@type":"SearchAction","target":{"@type":"EntryPoint","urlTemplate":"\/?s={search_term_string}"},"query-input":{"@type":"PropertyValueSpecification","valueRequired":true,"valueName":"search_term_string"}}],"inLanguage":"de"},{"@type":"Organization","@id":"\/#organization","name":"Russland verstehen","url":"\/","logo":{"@type":"ImageObject","inLanguage":"de","@id":"\/#\/schema\/logo\/image\/","url":"","contentUrl":"","caption":"Russland verstehen"},"image":{"@id":"\/#\/schema\/logo\/image\/"},"sameAs":["https:\/\/www.facebook.com\/LiberaleModerne\/","https:\/\/x.com\/liberalemoderne"]},{"@type":"Person","@id":"\/#\/schema\/person\/e0fd1f9f66dc7db6ccded19ae5acf882","name":"Gustav C. Gressel","image":{"@type":"ImageObject","inLanguage":"de","@id":"https:\/\/russlandverstehen.eu\/wp-content\/uploads\/Gressel_rund-1-150x150.jpg","url":"https:\/\/russlandverstehen.eu\/wp-content\/uploads\/Gressel_rund-1-150x150.jpg","contentUrl":"https:\/\/russlandverstehen.eu\/wp-content\/uploads\/Gressel_rund-1-150x150.jpg","caption":"Gustav C. Gressel"},"description":"Gustav C. Gressel ist seit November 2014 Senior Policy Fellow im Wider Europe Programme des European Council on Foreign Relations (ECFR) in Berlin. Die Schwerpunkte seiner Arbeit liegen auf milit\u00e4rischen und strategischen Fragen in Osteuropa, insbesondere dem Krieg in der Ukraine. Von 2006 bis 2014 war Gustav Gressel Referent f\u00fcr Internationale Sicherheitspolitik und Strategie im B\u00fcro f\u00fcr Sicherheitspolitik des Bundesministeriums f\u00fcr Landesverteidigung und Sport in Wien und von 2003 bis 2006 wissenschaftlicher Mitarbeiter des Beauftragten f\u00fcr Strategische Studien im selben B\u00fcro. Dieser T\u00e4tigkeit ging eine f\u00fcnfj\u00e4hrige Dienstzeit im \u00f6sterreichischen Bundesheer voraus. Nebenbei nahm er T\u00e4tigkeiten als wissenschaftlicher Mitarbeiter im Internationalen Institut f\u00fcr Liberale Politik Wien sowie Redaktionst\u00e4tigkeiten bei der Wiener Kulturzeitschrift \u201eDavid\u201c wahr. Gustav C. Gressel studierte Politikwissenschaft an der Universit\u00e4t Salzburg und schloss sein Doktorat in Strategischen Studien an der Zrinyi Miklos National Defence University in Budapest (heute National University of Public Service) ab.","url":"https:\/\/russlandverstehen.eu\/de\/author\/gressel\/"}]}},"jetpack_featured_media_url":"https:\/\/russlandverstehen.eu\/wp-content\/uploads\/Black-Sea-US-Navy-thegem-blog-timeline-large-1.jpg","menu_order":408,"_links":{"self":[{"href":"https:\/\/russlandverstehen.eu\/de\/wp-json\/wp\/v2\/posts\/29089","targetHints":{"allow":["GET"]}}],"collection":[{"href":"https:\/\/russlandverstehen.eu\/de\/wp-json\/wp\/v2\/posts"}],"about":[{"href":"https:\/\/russlandverstehen.eu\/de\/wp-json\/wp\/v2\/types\/post"}],"author":[{"embeddable":true,"href":"https:\/\/russlandverstehen.eu\/de\/wp-json\/wp\/v2\/users\/29"}],"replies":[{"embeddable":true,"href":"https:\/\/russlandverstehen.eu\/de\/wp-json\/wp\/v2\/comments?post=29089"}],"version-history":[{"count":1,"href":"https:\/\/russlandverstehen.eu\/de\/wp-json\/wp\/v2\/posts\/29089\/revisions"}],"predecessor-version":[{"id":36075,"href":"https:\/\/russlandverstehen.eu\/de\/wp-json\/wp\/v2\/posts\/29089\/revisions\/36075"}],"wp:featuredmedia":[{"embeddable":true,"href":"https:\/\/russlandverstehen.eu\/de\/wp-json\/wp\/v2\/media\/39158"}],"wp:attachment":[{"href":"https:\/\/russlandverstehen.eu\/de\/wp-json\/wp\/v2\/media?parent=29089"}],"wp:term":[{"taxonomy":"category","embeddable":true,"href":"https:\/\/russlandverstehen.eu\/de\/wp-json\/wp\/v2\/categories?post=29089"},{"taxonomy":"post_tag","embeddable":true,"href":"https:\/\/russlandverstehen.eu\/de\/wp-json\/wp\/v2\/tags?post=29089"}],"curies":[{"name":"wp","href":"https:\/\/api.w.org\/{rel}","templated":true}]}}