{"id":29555,"date":"2018-10-25T16:05:41","date_gmt":"2018-10-25T14:05:41","guid":{"rendered":"https:\/\/libmod.de\/?p=29555"},"modified":"2020-03-28T02:06:00","modified_gmt":"2020-03-28T01:06:00","slug":"ralf-fuecks-nachruestung-2-0-russland-usa-europaeische-sicherheit","status":"publish","type":"post","link":"https:\/\/russlandverstehen.eu\/de\/ralf-fuecks-nachruestung-2-0-russland-usa-europaeische-sicherheit\/","title":{"rendered":"Nach\u00adr\u00fcs\u00adtung 2.0? Russ\u00adland, USA und euro\u00adp\u00e4i\u00adsche&nbsp;Sicherheit"},"content":{"rendered":"<div class=\"wpb-content-wrapper\"><p>[vc_\u200brow css=\u201c.vc_custom_1508251598805{margin-top: 30px !important;}\u201c][vc_column width=\u201e2\/3\u201c css=\u201c.vc_custom_1508252250311{padding-right: 20px !important;}\u201c][vc_column_text]<\/p>\n<h2>Die Abkehr von einem pre\u00adk\u00e4\u00adren System wech\u00adsel\u00adsei\u00adti\u00adger Sicher\u00adheit zu einem unge\u00adz\u00fc\u00adgel\u00adten R\u00fcs\u00adtungs\u00adwett\u00adlauf w\u00fcrde die Welt n\u00e4her an den Rand eines Atom\u00adkriegs bringen. Es hilft aller\u00addings nichts, nur mit dem Finger auf Trump zu zeigen. Es braucht Druck auf Moskau, die Auf\u00adr\u00fcs\u00adtung mit Atom\u00adwaf\u00adfen kurzer und mitt\u00adle\u00adrer Reich\u00adweite zu stoppen. Sie zielt auf Ein\u00adsch\u00fcch\u00adte\u00adrung der&nbsp;Europ\u00e4er.<!--more--><\/h2>\n<p>In der aktu\u00adel\u00adlen Debatte um den Mit\u00adtel\u00adstre\u00adcken\u00adra\u00adke\u00adten-Vertrag INF wird gern ver\u00adges\u00adsen, dass Russ\u00adland bereits ein deut\u00adli\u00adches \u00dcber\u00adge\u00adwicht bei tak\u00adti\u00adschen Atom\u00adwaf\u00adfen in Europa besitzt. Im Fr\u00fch\u00adjahr dieses Jahres wurden Iskan\u00adder-Raketen mit einer Reich\u00adweite von 500&nbsp;km in K\u00f6nigs\u00adberg sta\u00adtio\u00adniert. <a href=\"https:\/\/www.spiegel.de\/politik\/ausland\/russland-laesst-iskander-raketen-in-kaliningrad-auffahren-a-1206355.html\">Damit k\u00f6nnen Berlin und War\u00adschau ange\u00adgrif\u00adfen werden.<\/a> Falls es zutrifft, dass Moskau inzwi\u00adschen auch \u00fcber land\u00adge\u00adst\u00fctzte Marsch\u00adflug\u00adk\u00f6r\u00adper mit einer Reich\u00adweite von ca. 2500&nbsp;km verf\u00fcgt, ver\u00adschiebt sich das atomare Kr\u00e4f\u00adte\u00adge\u00adwicht weiter zuguns\u00adten des Kremls. Dass die rus\u00adsi\u00adsche F\u00fchrung damit gegen den INF-Vertrag ver\u00adst\u00f6\u00dft, ist keine Erfin\u00addung von Donald Trump. Diese Bef\u00fcrch\u00adtung wurde beim NATO-Gipfel im Juli 2018 von allen Mit\u00adglieds\u00adstaa\u00adten bekr\u00e4f\u00adtigt, Deutsch\u00adland ein\u00adge\u00adschlos\u00adsen. Gesche\u00adhen ist seither nichts Nen\u00adnens\u00adwer\u00adtes, um die Sach\u00adlage zu&nbsp;kl\u00e4ren.<\/p>\n<p>Die Auf\u00adr\u00fcs\u00adtung Russ\u00adlands mit Kurz- und Mit\u00adtel\u00adstre\u00adcken\u00adra\u00adke\u00adten ist nicht banal. Diese Waffen dienen nicht nur der ato\u00adma\u00adren Abschre\u00adckung gegen einen poten\u00adti\u00adel\u00adlen Angrei\u00adfer (wer glaubt im Ernst, dass die NATO einen mili\u00adt\u00e4\u00adri\u00adschen Angriff auf Russ\u00adland im Schilde f\u00fchrt?). Sie sind zugleich Droh\u00adin\u00adstru\u00admente gegen den Westen im Fall einer Eska\u00adla\u00adtion des Krieges in der Ukraine oder einer feind\u00adli\u00adchen \u00dcber\u00adnahme der bal\u00adti\u00adschen Staaten durch den Kreml: Mischt euch nicht ein, sonst drohen wir West\u00adeu\u00adropa mit punk\u00adtu\u00adel\u00adlen Atomschl\u00e4gen.<\/p>\n<p>Verf\u00fcgt die NATO \u00fcber keine ver\u00adgleich\u00adba\u00adren Waf\u00adfen\u00adsys\u00adteme in Europa, m\u00fcsste sie ent\u00adwe\u00adder still\u00adhal\u00adten oder mit dem Einsatz stra\u00adte\u00adgi\u00adscher Atom\u00adwaf\u00adfen drohen. Da das die Gefahr eines ato\u00adma\u00adren Infer\u00adnos mit voll\u00adst\u00e4n\u00addi\u00adger gegen\u00adsei\u00adti\u00adger Ver\u00adnich\u00adtung birgt, w\u00e4re es keine taug\u00adli\u00adche Option, um den Kreml vom Einsatz tak\u00adti\u00adscher Atom\u00adwaf\u00adfen abzu\u00adschre\u00adcken. Damit ver\u00adf\u00fcgte die rus\u00adsi\u00adsche F\u00fchrung \u00fcber die Eska\u00adla\u00adti\u00adons\u00addo\u00admi\u00adnanz in einem poten\u00adti\u00adel\u00adlen Kon\u00adflikt mit dem Westen. Ange\u00adsichts der tief sit\u00adzen\u00adden Furcht vor einem Krieg mit Russ\u00adland erwei\u00adtert das den macht\u00adpo\u00adli\u00adti\u00adschen Spiel\u00adraum Putins, ohne mit ernst\u00adhaf\u00adter Gegen\u00adwehr aus Berlin oder Paris rechnen zu&nbsp;m\u00fcssen.<\/p>\n<h2>Nach\u00adr\u00fcs\u00adtungs\u00adde\u00adbatte 2.0<\/h2>\n<p>Wir sind damit zur\u00fcck in der Debatte um die \u201eNach\u00adr\u00fcs\u00adtung\u201c vor bald 40 Jahren, die damals die Repu\u00adblik gespal\u00adten hat \u2013 mit dem Unter\u00adschied, dass heute weit und breit kein Helmut Schmidt in Sicht ist, der eine not\u00adwen\u00addige, aber unpo\u00adpu\u00adl\u00e4re Ent\u00adschei\u00addung gegen gro\u00dfe Wider\u00adst\u00e4nde durch\u00adzieht. Ohne eine kon\u00adse\u00adquente Antwort des Westens auf die sowje\u00adti\u00adsche SS 20 h\u00e4tte es kein Abkom\u00admen zum Bann land\u00adge\u00adst\u00fctz\u00adter Mit\u00adtel\u00adstre\u00adcken\u00adra\u00adke\u00adten&nbsp;gegeben.<\/p>\n<p>Wer heute fordert, wir sollten uns vom ato\u00adma\u00adren Schutz\u00adschirm der USA abkop\u00adpeln (\u201eAbzug aller ame\u00adri\u00adka\u00adni\u00adschen Atom\u00adwaf\u00adfen aus Deutsch\u00adland\u201c), gibt Putin freie Hand f\u00fcr die Fort\u00adset\u00adzung seiner mili\u00adt\u00e4\u00adri\u00adschen Macht\u00adpo\u00adli\u00adtik in Russ\u00adlands Nach\u00adbar\u00adschaft und dar\u00fcber hinaus. Das wird dazu f\u00fchren, dass sich die bal\u00adti\u00adschen Staaten und Polen umso enger an die USA anleh\u00adnen. Nicht nur f\u00fcr Washing\u00adton gilt, dass natio\u00adnale Allein\u00adg\u00e4nge von \u00dcbel sind. Wir brau\u00adchen jetzt drin\u00adgend eine gemein\u00adsame Bera\u00adtung der NATO, wie auf die neue sicher\u00adheits\u00adpo\u00adli\u00adti\u00adsche Lage zu ant\u00adwor\u00adten ist, und inner\u00adhalb der NATO m\u00f6g\u00adlichst eine gemein\u00adsame euro\u00adp\u00e4i\u00adsche&nbsp;Position.<\/p>\n<p>Erste Prio\u00adri\u00adt\u00e4t muss sein, das INF-Abkom\u00admen zu retten. Das erfor\u00addert nicht nur ein Ein\u00adlen\u00adken der Trump-Admi\u00adnis\u00adtra\u00adtion, sondern vor allem Druck auf Moskau, sich an das Abkom\u00admen zu halten und die Ent\u00adwick\u00adlung von Atom\u00adra\u00adke\u00adten mitt\u00adle\u00adrer Reich\u00adweite ein\u00adzu\u00adstel\u00adlen. Dar\u00fcber hinaus sollte die EU die Initia\u00adtive ergrei\u00adfen, auch China in ein mul\u00adti\u00adla\u00adte\u00adra\u00adles System der R\u00fcs\u00adtungs\u00adkon\u00adtrolle ein\u00adzu\u00adbe\u00adzie\u00adhen, um ein ato\u00adma\u00adres Wett\u00adr\u00fcs\u00adten in Asien zu ver\u00adhin\u00addern. Bei der ange\u00adk\u00fcn\u00addig\u00adten Auf\u00adk\u00fcn\u00addi\u00adgung des INF durch die USA geht es nicht nur um Russ\u00adland, sondern auch um die chi\u00adne\u00adsi\u00adsche Auf\u00adr\u00fcs\u00adtung. Trump und die Hard\u00adli\u00adner um John Bolton sehen mul\u00adti\u00adla\u00adte\u00adrale Abkom\u00admen in erster Linie als Ein\u00adschr\u00e4n\u00adkung der Hand\u00adlungs\u00adfrei\u00adheit Ame\u00adri\u00adkas. Ihre R\u00fcck\u00adkehr zum Uni\u00adla\u00adte\u00adra\u00adlis\u00admus wider\u00adspricht den Inter\u00ades\u00adsen&nbsp;Europas.<\/p>\n<p>Die Abkehr von einem pre\u00adk\u00e4\u00adren System wech\u00adsel\u00adsei\u00adti\u00adger Sicher\u00adheit zu einem unge\u00adz\u00fc\u00adgel\u00adten ato\u00adma\u00adren R\u00fcs\u00adtungs\u00adwett\u00adlauf w\u00fcrde die Welt n\u00e4her an den Rand eines Atom\u00adkriegs bringen. Es hilft aber nichts, dar\u00fcber zu lamen\u00adtie\u00adren und mit dem Finger auf Trump zu zeigen. Europa muss endlich in die Puschen kommen und zu einem glaub\u00adw\u00fcr\u00addi\u00adgen sicher\u00adheits\u00adpo\u00adli\u00adti\u00adschen Akteur&nbsp;werden.<\/p>\n<p><img class=\"alignnone wp-image-23921 size-full\" src=\"https:\/\/russlandverstehen.eu\/wp-content\/uploads\/textende.png\" alt=\"Textende\" width=\"40\" height=\"120\"><\/p>\n<p>[\/vc_column_text][vc_separator][vc_column_text]Hat Ihnen unser Beitrag gefal\u00adlen? Dann spenden Sie doch einfach und bequem \u00fcber unser Spen\u00adden\u00adtool. Sie unter\u00adst\u00fct\u00adzen damit die publi\u00adzis\u00adti\u00adsche Arbeit von&nbsp;LibMod.<\/p>\n<p>[\/vc_column_text][vc_column_text]<script type=\"text\/javascript\">\n\t(function() {\n\t\tvar u=\"https:\/\/spenden.twingle.de\/embed\/genericorganisation\/genericproject\/tw5aeafe12eb6cb\/widget\";\n\t\tvar id = '_' + Math.random().toString(36).substr(2, 9);\n\t\tvar d=document, g=d.createElement('script'), s=d.getElementsByTagName('script')[0];\n\t\tdocument.write('<div id=\"twingle-public-embed-' + id + '\"><\/div>');\n\t\tg.type='text\/javascript'; g.async=true; g.defer=true; g.src=u+'\/'+id; s.parentNode.insertBefore(g,s);\n\t})();\n<\/script>[\/vc_column_text][vc_column_text]Wir sind als gemein\u00adn\u00fct\u00adzig aner\u00adkannt, ent\u00adspre\u00adchend sind Spenden steu\u00ader\u00adlich absetz\u00adbar. F\u00fcr eine Spen\u00adden\u00adbe\u00adschei\u00adni\u00adgung (n\u00f6tig bei einem Betrag \u00fcber 200 EUR), senden Sie Ihre Adress\u00adda\u00adten bitte an <a href=\"mailto:finanzen@libmod.de\">finanzen@libmod.de<\/a><\/p>\n<p>&nbsp;<\/p>\n<p>[\/vc_column_text][\/vc_column][vc_column width=\u201e1\/3\u201c el_class=\u201edimmer\u201c][vc_empty_space height=\u201e130px\u201c][vc_column_text]<\/p>\n<h2>Ver\u00adwandte&nbsp;Themen<\/h2>\n<p>[\/vc_column_text][vc_basic_grid post_type=\u201epost\u201c max_items=\u201e3\u201c element_width=\u201e12\u201c item=\u201e24066\u201c grid_id=\u201evc_gid:1511298100713-b145d3e8-3db7\u20115\u201c css=\u201c.vc_custom_1508762642442{background-color: #ffffff !important;}\u201c taxonomies=\u201e52, 18\u201c][vc_row_inner css=\u201c.vc_custom_1508164629489{margin-top: 30px !important;margin-right: 0px !important;margin-left: 0px !important;background-color: #03d0b6 !important;}\u201c][vc_column_inner][vc_column_text css=\u201c.vc_custom_1508167210959{margin-top: \u201115px !important;}\u201c]<\/p>\n<h2><span style=\"color: #ffffff;\">News\u00adlet\u00adter&nbsp;bestellen<\/span><\/h2>\n<p>[\/vc_column_text][vc_column_text css=\u201c.vc_custom_1508166779270{margin-top: \u201110px !important;}\u201c]Mit dem LibMod-News\u00adlet\u00adter erhal\u00adten Sie regel\u00adm\u00e4\u00ad\u00dfig Neu\u00adig\u00adkei\u00adten zu unseren Themen in Ihr&nbsp;Postfach.<\/p>\n<p><script>(function() {\n\twindow.mc4wp = window.mc4wp || {\n\t\tlisteners: [],\n\t\tforms: {\n\t\t\ton: function(evt, cb) {\n\t\t\t\twindow.mc4wp.listeners.push(\n\t\t\t\t\t{\n\t\t\t\t\t\tevent   : evt,\n\t\t\t\t\t\tcallback: cb\n\t\t\t\t\t}\n\t\t\t\t);\n\t\t\t}\n\t\t}\n\t}\n})();\n<\/script><!-- Mailchimp for WordPress v4.12.2 - https:\/\/wordpress.org\/plugins\/mailchimp-for-wp\/ --><\/p><form id=\"mc4wp-form-1\" class=\"mc4wp-form mc4wp-form-24179 mc4wp-form-theme mc4wp-form-theme-light\" method=\"post\" data-id=\"24179\" data-name=\"LibMod Newsletter\"><div class=\"mc4wp-form-fields\"><p>\n    <label>Anrede<\/label>\n    <select name=\"ANREDE\" required>\n        <option value=\"Frau\" selected=\"true\">Frau<\/option>\n        <option value=\"Herr\">Herr<\/option>\n        <option value=\"X\">X<\/option>\n    <\/select>\n<\/p>\n<p>\n    <label>Insti\u00adtu\u00adtion<\/label>\n    <input name=\"MMERGE3\" type=\"text\">\n<\/p>\n<p>\n    <label>Nach\u00adname<\/label>\n    <input name=\"MMERGE2\" required type=\"text\">\n<\/p>\n<p>\n    <label>Vorname<\/label>\n    <input name=\"MMERGE1\" required type=\"text\">\n<\/p>\n<p>\n    <label>Kate\u00adgo\u00adrie<\/label>\n    <select name=\"KATEGORIE\" required>\n        <option value=\"Newsletter\" selected=\"true\">Newsletter<\/option>\n    <\/select>\n<\/p>\n<p><input type=\"email\" name=\"EMAIL\" placeholder=\"Ihre Mail-Addresse\" required>\n<\/p><p>Mit unseren <span style=\"color: #000000;\"><a style=\"color: #000000;\" href=\"https:\/\/libmod.de\/datenschutzerklaerung\/\" target=\"_blank\" rel=\"noopener\">Daten\u00adschutz\u00adbe\u00adstim\u00admun\u00adgen<\/a><\/span> erkl\u00e4\u00adren Sie sich einverstanden.<br>\n<input type=\"submit\" value=\"Absenden\"><\/p><\/div><label style=\"display: none !important;\">Wenn du ein Mensch bist, lasse das Feld&nbsp;leer:&nbsp;<input type=\"text\" name=\"_mc4wp_honeypot\" value tabindex=\"-1\" autocomplete=\"off\"><\/label><input type=\"hidden\" name=\"_mc4wp_timestamp\" value=\"1777523392\"><input type=\"hidden\" name=\"_mc4wp_form_id\" value=\"24179\"><input type=\"hidden\" name=\"_mc4wp_form_element_id\" value=\"mc4wp-form-1\"><div class=\"mc4wp-response\"><\/div><\/form><!-- \/ Mailchimp for WordPress Plugin -->[\/vc_column_text][\/vc_column_inner][\/vc_row_inner][\/vc_column][\/vc_row]\n<\/div>","protected":false},"excerpt":{"rendered":"<p>[vc_\u200b\u200brow css=\u201c.vc_custom_1508251598805{margin-top: 30px !important;}\u201c][vc_column width=\u201e2\/3\u201c css=\u201c.vc_custom_1508252250311{padding-right: 20px !important;}\u201c][vc_column_text] Die Abkehr von einem pre\u00adk\u00e4\u00adren System wech\u00adsel\u00adsei\u00adti\u00adger Sicher\u00adheit zu einem unge\u00adz\u00fc\u00adgel\u00adten R\u00fcs\u00adtungs\u00adwett\u00adlauf w\u00fcrde die Welt n\u00e4her an den Rand eines Atom\u00adkriegs&nbsp;bringen....<\/p>\n","protected":false},"author":7,"featured_media":25297,"comment_status":"closed","ping_status":"closed","sticky":false,"template":"","format":"standard","meta":{"_acf_changed":false,"wp_typography_post_enhancements_disabled":false,"footnotes":""},"categories":[1],"tags":[5869,29,5870,3773,52],"class_list":["post-29555","post","type-post","status-publish","format-standard","has-post-thumbnail","category-kommentar","tag-atomwaffen","tag-europa","tag-ruestungskontrolle","tag-sicherheitspolitik","tag-zwischenruf"],"acf":[],"yoast_head":"<!-- This site is optimized with the Yoast SEO Premium plugin v25.0 (Yoast SEO v27.5) - https:\/\/yoast.com\/product\/yoast-seo-premium-wordpress\/ -->\n<title>Nachr\u00fcstung 2.0? Russland, USA und europ\u00e4ische Sicherheit<\/title>\n<meta name=\"description\" content=\"Die Abkehr von einem prek\u00e4ren System wechselseitiger Sicherheit zu einem ungez\u00fcgelten R\u00fcstungswettlauf w\u00fcrde die Welt n\u00e4her an den Rand eines Atomkriegs\" \/>\n<meta name=\"robots\" content=\"index, follow, max-snippet:-1, max-image-preview:large, max-video-preview:-1\" \/>\n<link rel=\"canonical\" href=\"https:\/\/russlandverstehen.eu\/de\/ralf-fuecks-nachruestung-2-0-russland-usa-europaeische-sicherheit\/\" \/>\n<meta property=\"og:locale\" content=\"de_DE\" \/>\n<meta property=\"og:type\" content=\"article\" \/>\n<meta property=\"og:title\" content=\"Nachr\u00fcstung 2.0? Russland, USA und europ\u00e4ische Sicherheit\" \/>\n<meta property=\"og:description\" content=\"Wir Europ\u00e4er sollten alles tun, um ein neues atomares Wettr\u00fcsten zu verhindern. Es n\u00fctzt aber nichts, mit dem Finger allein auf Donald Trump zu zeigen. Ein Zwischenruf von Ralf F\u00fccks\" \/>\n<meta property=\"og:url\" content=\"https:\/\/russlandverstehen.eu\/de\/ralf-fuecks-nachruestung-2-0-russland-usa-europaeische-sicherheit\/\" \/>\n<meta property=\"og:site_name\" content=\"Russland verstehen\" \/>\n<meta property=\"article:publisher\" content=\"https:\/\/www.facebook.com\/LiberaleModerne\/\" \/>\n<meta property=\"article:published_time\" content=\"2018-10-25T14:05:41+00:00\" \/>\n<meta property=\"article:modified_time\" content=\"2020-03-28T01:06:00+00:00\" \/>\n<meta property=\"og:image\" content=\"https:\/\/russlandverstehen.eu\/wp-content\/uploads\/Ralf_Fuecks_Zwischenruf.jpg\" \/>\n\t<meta property=\"og:image:width\" content=\"1200\" \/>\n\t<meta property=\"og:image:height\" content=\"801\" \/>\n\t<meta property=\"og:image:type\" content=\"image\/jpeg\" \/>\n<meta name=\"author\" content=\"Ralf F\u00fccks\" \/>\n<meta name=\"twitter:card\" content=\"summary_large_image\" \/>\n<meta name=\"twitter:title\" content=\"Russland, USA und europ\u00e4ische Sicherheit\" \/>\n<meta name=\"twitter:description\" content=\"Die NATO sollte das INF-Abkommen retten, mahnt Ralf F\u00fccks\" \/>\n<meta name=\"twitter:creator\" content=\"@liberalemoderne\" \/>\n<meta name=\"twitter:site\" content=\"@liberalemoderne\" \/>\n<meta name=\"twitter:label1\" content=\"Verfasst von\" \/>\n\t<meta name=\"twitter:data1\" content=\"Ralf F\u00fccks\" \/>\n\t<meta name=\"twitter:label2\" content=\"Gesch\u00e4tzte Lesezeit\" \/>\n\t<meta name=\"twitter:data2\" content=\"5\u00a0Minuten\" \/>\n<script type=\"application\/ld+json\" class=\"yoast-schema-graph\">{\"@context\":\"https:\\\/\\\/schema.org\",\"@graph\":[{\"@type\":\"Article\",\"@id\":\"https:\\\/\\\/russlandverstehen.eu\\\/de\\\/ralf-fuecks-nachruestung-2-0-russland-usa-europaeische-sicherheit\\\/#article\",\"isPartOf\":{\"@id\":\"https:\\\/\\\/russlandverstehen.eu\\\/de\\\/ralf-fuecks-nachruestung-2-0-russland-usa-europaeische-sicherheit\\\/\"},\"author\":{\"name\":\"Ralf F\u00fccks\",\"@id\":\"\\\/#\\\/schema\\\/person\\\/027063857ae29a2109959cc2847887f5\"},\"headline\":\"Nach\u00adr\u00fcs\u00adtung 2.0? Russ\u00adland, USA und euro\u00adp\u00e4i\u00adsche&nbsp;Sicherheit\",\"datePublished\":\"2018-10-25T14:05:41+00:00\",\"dateModified\":\"2020-03-28T01:06:00+00:00\",\"mainEntityOfPage\":{\"@id\":\"https:\\\/\\\/russlandverstehen.eu\\\/de\\\/ralf-fuecks-nachruestung-2-0-russland-usa-europaeische-sicherheit\\\/\"},\"wordCount\":940,\"publisher\":{\"@id\":\"\\\/#organization\"},\"image\":{\"@id\":\"https:\\\/\\\/russlandverstehen.eu\\\/de\\\/ralf-fuecks-nachruestung-2-0-russland-usa-europaeische-sicherheit\\\/#primaryimage\"},\"thumbnailUrl\":\"https:\\\/\\\/russlandverstehen.eu\\\/wp-content\\\/uploads\\\/Ralf_Fuecks_Zwischenruf.jpg\",\"keywords\":[\"Atomwaffen\",\"Europa\",\"R\u00fcstungskontrolle\",\"Sicherheitspolitik\",\"Zwischenruf\"],\"articleSection\":[\"Kommentar&emsp;\"],\"inLanguage\":\"de\"},{\"@type\":\"WebPage\",\"@id\":\"https:\\\/\\\/russlandverstehen.eu\\\/de\\\/ralf-fuecks-nachruestung-2-0-russland-usa-europaeische-sicherheit\\\/\",\"url\":\"https:\\\/\\\/russlandverstehen.eu\\\/de\\\/ralf-fuecks-nachruestung-2-0-russland-usa-europaeische-sicherheit\\\/\",\"name\":\"Nachr\u00fcstung 2.0? Russland, USA und europ\u00e4ische Sicherheit\",\"isPartOf\":{\"@id\":\"\\\/#website\"},\"primaryImageOfPage\":{\"@id\":\"https:\\\/\\\/russlandverstehen.eu\\\/de\\\/ralf-fuecks-nachruestung-2-0-russland-usa-europaeische-sicherheit\\\/#primaryimage\"},\"image\":{\"@id\":\"https:\\\/\\\/russlandverstehen.eu\\\/de\\\/ralf-fuecks-nachruestung-2-0-russland-usa-europaeische-sicherheit\\\/#primaryimage\"},\"thumbnailUrl\":\"https:\\\/\\\/russlandverstehen.eu\\\/wp-content\\\/uploads\\\/Ralf_Fuecks_Zwischenruf.jpg\",\"datePublished\":\"2018-10-25T14:05:41+00:00\",\"dateModified\":\"2020-03-28T01:06:00+00:00\",\"description\":\"Die Abkehr von einem prek\u00e4ren System wechselseitiger Sicherheit zu einem ungez\u00fcgelten R\u00fcstungswettlauf w\u00fcrde die Welt n\u00e4her an den Rand eines Atomkriegs\",\"breadcrumb\":{\"@id\":\"https:\\\/\\\/russlandverstehen.eu\\\/de\\\/ralf-fuecks-nachruestung-2-0-russland-usa-europaeische-sicherheit\\\/#breadcrumb\"},\"inLanguage\":\"de\",\"potentialAction\":[{\"@type\":\"ReadAction\",\"target\":[\"https:\\\/\\\/russlandverstehen.eu\\\/de\\\/ralf-fuecks-nachruestung-2-0-russland-usa-europaeische-sicherheit\\\/\"]}]},{\"@type\":\"ImageObject\",\"inLanguage\":\"de\",\"@id\":\"https:\\\/\\\/russlandverstehen.eu\\\/de\\\/ralf-fuecks-nachruestung-2-0-russland-usa-europaeische-sicherheit\\\/#primaryimage\",\"url\":\"https:\\\/\\\/russlandverstehen.eu\\\/wp-content\\\/uploads\\\/Ralf_Fuecks_Zwischenruf.jpg\",\"contentUrl\":\"https:\\\/\\\/russlandverstehen.eu\\\/wp-content\\\/uploads\\\/Ralf_Fuecks_Zwischenruf.jpg\",\"width\":1200,\"height\":801},{\"@type\":\"BreadcrumbList\",\"@id\":\"https:\\\/\\\/russlandverstehen.eu\\\/de\\\/ralf-fuecks-nachruestung-2-0-russland-usa-europaeische-sicherheit\\\/#breadcrumb\",\"itemListElement\":[{\"@type\":\"ListItem\",\"position\":1,\"name\":\"Startseite\",\"item\":\"https:\\\/\\\/russlandverstehen.eu\\\/de\\\/\"},{\"@type\":\"ListItem\",\"position\":2,\"name\":\"Nach\u00adr\u00fcs\u00adtung 2.0? Russ\u00adland, USA und euro\u00adp\u00e4i\u00adsche&nbsp;Sicherheit\"}]},{\"@type\":\"WebSite\",\"@id\":\"\\\/#website\",\"url\":\"\\\/\",\"name\":\"Russland verstehen\",\"description\":\"Zentrum Liberale Moderne\",\"publisher\":{\"@id\":\"\\\/#organization\"},\"potentialAction\":[{\"@type\":\"SearchAction\",\"target\":{\"@type\":\"EntryPoint\",\"urlTemplate\":\"\\\/?s={search_term_string}\"},\"query-input\":{\"@type\":\"PropertyValueSpecification\",\"valueRequired\":true,\"valueName\":\"search_term_string\"}}],\"inLanguage\":\"de\"},{\"@type\":\"Organization\",\"@id\":\"\\\/#organization\",\"name\":\"Russland verstehen\",\"url\":\"\\\/\",\"logo\":{\"@type\":\"ImageObject\",\"inLanguage\":\"de\",\"@id\":\"\\\/#\\\/schema\\\/logo\\\/image\\\/\",\"url\":\"\",\"contentUrl\":\"\",\"caption\":\"Russland verstehen\"},\"image\":{\"@id\":\"\\\/#\\\/schema\\\/logo\\\/image\\\/\"},\"sameAs\":[\"https:\\\/\\\/www.facebook.com\\\/LiberaleModerne\\\/\",\"https:\\\/\\\/x.com\\\/liberalemoderne\"]},{\"@type\":\"Person\",\"@id\":\"\\\/#\\\/schema\\\/person\\\/027063857ae29a2109959cc2847887f5\",\"name\":\"Ralf F\u00fccks\",\"image\":{\"@type\":\"ImageObject\",\"inLanguage\":\"de\",\"@id\":\"https:\\\/\\\/russlandverstehen.eu\\\/wp-content\\\/uploads\\\/Ralf-Fuecks_rund-150x150.jpg\",\"url\":\"https:\\\/\\\/russlandverstehen.eu\\\/wp-content\\\/uploads\\\/Ralf-Fuecks_rund-150x150.jpg\",\"contentUrl\":\"https:\\\/\\\/russlandverstehen.eu\\\/wp-content\\\/uploads\\\/Ralf-Fuecks_rund-150x150.jpg\",\"caption\":\"Ralf F\u00fccks\"},\"description\":\"Ralf F\u00fccks ist gesch\u00e4ftsf\u00fchrender Gesellschafter des Zentrums Liberale Moderne und wirkte zuvor 21 Jahre als Vorstand der Heinrich B\u00f6ll Stiftung, der politischen Stiftung der Gr\u00fcnen. Davor war er Co-Vorsitzender der Gr\u00fcnen (1989\\\/90) und Senator f\u00fcr Umwelt und Stadtentwicklung in Bremen.\",\"url\":\"https:\\\/\\\/russlandverstehen.eu\\\/de\\\/author\\\/ralf_fuecks\\\/\"}]}<\/script>\n<!-- \/ Yoast SEO Premium plugin. -->","yoast_head_json":{"title":"Nachr\u00fcstung 2.0? Russland, USA und europ\u00e4ische Sicherheit","description":"Die Abkehr von einem prek\u00e4ren System wechselseitiger Sicherheit zu einem ungez\u00fcgelten R\u00fcstungswettlauf w\u00fcrde die Welt n\u00e4her an den Rand eines Atomkriegs","robots":{"index":"index","follow":"follow","max-snippet":"max-snippet:-1","max-image-preview":"max-image-preview:large","max-video-preview":"max-video-preview:-1"},"canonical":"https:\/\/russlandverstehen.eu\/de\/ralf-fuecks-nachruestung-2-0-russland-usa-europaeische-sicherheit\/","og_locale":"de_DE","og_type":"article","og_title":"Nachr\u00fcstung 2.0? Russland, USA und europ\u00e4ische Sicherheit","og_description":"Wir Europ\u00e4er sollten alles tun, um ein neues atomares Wettr\u00fcsten zu verhindern. Es n\u00fctzt aber nichts, mit dem Finger allein auf Donald Trump zu zeigen. Ein Zwischenruf von Ralf F\u00fccks","og_url":"https:\/\/russlandverstehen.eu\/de\/ralf-fuecks-nachruestung-2-0-russland-usa-europaeische-sicherheit\/","og_site_name":"Russland verstehen","article_publisher":"https:\/\/www.facebook.com\/LiberaleModerne\/","article_published_time":"2018-10-25T14:05:41+00:00","article_modified_time":"2020-03-28T01:06:00+00:00","og_image":[{"width":1200,"height":801,"url":"https:\/\/russlandverstehen.eu\/wp-content\/uploads\/Ralf_Fuecks_Zwischenruf.jpg","type":"image\/jpeg"}],"author":"Ralf F\u00fccks","twitter_card":"summary_large_image","twitter_title":"Russland, USA und europ\u00e4ische Sicherheit","twitter_description":"Die NATO sollte das INF-Abkommen retten, mahnt Ralf F\u00fccks","twitter_creator":"@liberalemoderne","twitter_site":"@liberalemoderne","twitter_misc":{"Verfasst von":"Ralf F\u00fccks","Gesch\u00e4tzte Lesezeit":"5\u00a0Minuten"},"schema":{"@context":"https:\/\/schema.org","@graph":[{"@type":"Article","@id":"https:\/\/russlandverstehen.eu\/de\/ralf-fuecks-nachruestung-2-0-russland-usa-europaeische-sicherheit\/#article","isPartOf":{"@id":"https:\/\/russlandverstehen.eu\/de\/ralf-fuecks-nachruestung-2-0-russland-usa-europaeische-sicherheit\/"},"author":{"name":"Ralf F\u00fccks","@id":"\/#\/schema\/person\/027063857ae29a2109959cc2847887f5"},"headline":"Nach\u00adr\u00fcs\u00adtung 2.0? Russ\u00adland, USA und euro\u00adp\u00e4i\u00adsche&nbsp;Sicherheit","datePublished":"2018-10-25T14:05:41+00:00","dateModified":"2020-03-28T01:06:00+00:00","mainEntityOfPage":{"@id":"https:\/\/russlandverstehen.eu\/de\/ralf-fuecks-nachruestung-2-0-russland-usa-europaeische-sicherheit\/"},"wordCount":940,"publisher":{"@id":"\/#organization"},"image":{"@id":"https:\/\/russlandverstehen.eu\/de\/ralf-fuecks-nachruestung-2-0-russland-usa-europaeische-sicherheit\/#primaryimage"},"thumbnailUrl":"https:\/\/russlandverstehen.eu\/wp-content\/uploads\/Ralf_Fuecks_Zwischenruf.jpg","keywords":["Atomwaffen","Europa","R\u00fcstungskontrolle","Sicherheitspolitik","Zwischenruf"],"articleSection":["Kommentar&emsp;"],"inLanguage":"de"},{"@type":"WebPage","@id":"https:\/\/russlandverstehen.eu\/de\/ralf-fuecks-nachruestung-2-0-russland-usa-europaeische-sicherheit\/","url":"https:\/\/russlandverstehen.eu\/de\/ralf-fuecks-nachruestung-2-0-russland-usa-europaeische-sicherheit\/","name":"Nachr\u00fcstung 2.0? Russland, USA und europ\u00e4ische Sicherheit","isPartOf":{"@id":"\/#website"},"primaryImageOfPage":{"@id":"https:\/\/russlandverstehen.eu\/de\/ralf-fuecks-nachruestung-2-0-russland-usa-europaeische-sicherheit\/#primaryimage"},"image":{"@id":"https:\/\/russlandverstehen.eu\/de\/ralf-fuecks-nachruestung-2-0-russland-usa-europaeische-sicherheit\/#primaryimage"},"thumbnailUrl":"https:\/\/russlandverstehen.eu\/wp-content\/uploads\/Ralf_Fuecks_Zwischenruf.jpg","datePublished":"2018-10-25T14:05:41+00:00","dateModified":"2020-03-28T01:06:00+00:00","description":"Die Abkehr von einem prek\u00e4ren System wechselseitiger Sicherheit zu einem ungez\u00fcgelten R\u00fcstungswettlauf w\u00fcrde die Welt n\u00e4her an den Rand eines Atomkriegs","breadcrumb":{"@id":"https:\/\/russlandverstehen.eu\/de\/ralf-fuecks-nachruestung-2-0-russland-usa-europaeische-sicherheit\/#breadcrumb"},"inLanguage":"de","potentialAction":[{"@type":"ReadAction","target":["https:\/\/russlandverstehen.eu\/de\/ralf-fuecks-nachruestung-2-0-russland-usa-europaeische-sicherheit\/"]}]},{"@type":"ImageObject","inLanguage":"de","@id":"https:\/\/russlandverstehen.eu\/de\/ralf-fuecks-nachruestung-2-0-russland-usa-europaeische-sicherheit\/#primaryimage","url":"https:\/\/russlandverstehen.eu\/wp-content\/uploads\/Ralf_Fuecks_Zwischenruf.jpg","contentUrl":"https:\/\/russlandverstehen.eu\/wp-content\/uploads\/Ralf_Fuecks_Zwischenruf.jpg","width":1200,"height":801},{"@type":"BreadcrumbList","@id":"https:\/\/russlandverstehen.eu\/de\/ralf-fuecks-nachruestung-2-0-russland-usa-europaeische-sicherheit\/#breadcrumb","itemListElement":[{"@type":"ListItem","position":1,"name":"Startseite","item":"https:\/\/russlandverstehen.eu\/de\/"},{"@type":"ListItem","position":2,"name":"Nach\u00adr\u00fcs\u00adtung 2.0? Russ\u00adland, USA und euro\u00adp\u00e4i\u00adsche&nbsp;Sicherheit"}]},{"@type":"WebSite","@id":"\/#website","url":"\/","name":"Russland verstehen","description":"Zentrum Liberale Moderne","publisher":{"@id":"\/#organization"},"potentialAction":[{"@type":"SearchAction","target":{"@type":"EntryPoint","urlTemplate":"\/?s={search_term_string}"},"query-input":{"@type":"PropertyValueSpecification","valueRequired":true,"valueName":"search_term_string"}}],"inLanguage":"de"},{"@type":"Organization","@id":"\/#organization","name":"Russland verstehen","url":"\/","logo":{"@type":"ImageObject","inLanguage":"de","@id":"\/#\/schema\/logo\/image\/","url":"","contentUrl":"","caption":"Russland verstehen"},"image":{"@id":"\/#\/schema\/logo\/image\/"},"sameAs":["https:\/\/www.facebook.com\/LiberaleModerne\/","https:\/\/x.com\/liberalemoderne"]},{"@type":"Person","@id":"\/#\/schema\/person\/027063857ae29a2109959cc2847887f5","name":"Ralf F\u00fccks","image":{"@type":"ImageObject","inLanguage":"de","@id":"https:\/\/russlandverstehen.eu\/wp-content\/uploads\/Ralf-Fuecks_rund-150x150.jpg","url":"https:\/\/russlandverstehen.eu\/wp-content\/uploads\/Ralf-Fuecks_rund-150x150.jpg","contentUrl":"https:\/\/russlandverstehen.eu\/wp-content\/uploads\/Ralf-Fuecks_rund-150x150.jpg","caption":"Ralf F\u00fccks"},"description":"Ralf F\u00fccks ist gesch\u00e4ftsf\u00fchrender Gesellschafter des Zentrums Liberale Moderne und wirkte zuvor 21 Jahre als Vorstand der Heinrich B\u00f6ll Stiftung, der politischen Stiftung der Gr\u00fcnen. Davor war er Co-Vorsitzender der Gr\u00fcnen (1989\/90) und Senator f\u00fcr Umwelt und Stadtentwicklung in Bremen.","url":"https:\/\/russlandverstehen.eu\/de\/author\/ralf_fuecks\/"}]}},"jetpack_featured_media_url":"https:\/\/russlandverstehen.eu\/wp-content\/uploads\/Ralf_Fuecks_Zwischenruf.jpg","menu_order":384,"_links":{"self":[{"href":"https:\/\/russlandverstehen.eu\/de\/wp-json\/wp\/v2\/posts\/29555","targetHints":{"allow":["GET"]}}],"collection":[{"href":"https:\/\/russlandverstehen.eu\/de\/wp-json\/wp\/v2\/posts"}],"about":[{"href":"https:\/\/russlandverstehen.eu\/de\/wp-json\/wp\/v2\/types\/post"}],"author":[{"embeddable":true,"href":"https:\/\/russlandverstehen.eu\/de\/wp-json\/wp\/v2\/users\/7"}],"replies":[{"embeddable":true,"href":"https:\/\/russlandverstehen.eu\/de\/wp-json\/wp\/v2\/comments?post=29555"}],"version-history":[{"count":7,"href":"https:\/\/russlandverstehen.eu\/de\/wp-json\/wp\/v2\/posts\/29555\/revisions"}],"predecessor-version":[{"id":36064,"href":"https:\/\/russlandverstehen.eu\/de\/wp-json\/wp\/v2\/posts\/29555\/revisions\/36064"}],"wp:featuredmedia":[{"embeddable":true,"href":"https:\/\/russlandverstehen.eu\/de\/wp-json\/wp\/v2\/media\/25297"}],"wp:attachment":[{"href":"https:\/\/russlandverstehen.eu\/de\/wp-json\/wp\/v2\/media?parent=29555"}],"wp:term":[{"taxonomy":"category","embeddable":true,"href":"https:\/\/russlandverstehen.eu\/de\/wp-json\/wp\/v2\/categories?post=29555"},{"taxonomy":"post_tag","embeddable":true,"href":"https:\/\/russlandverstehen.eu\/de\/wp-json\/wp\/v2\/tags?post=29555"}],"curies":[{"name":"wp","href":"https:\/\/api.w.org\/{rel}","templated":true}]}}