{"id":33208,"date":"2019-07-22T12:51:38","date_gmt":"2019-07-22T10:51:38","guid":{"rendered":"https:\/\/libmod.de\/?p=33208"},"modified":"2020-03-28T01:33:44","modified_gmt":"2020-03-28T00:33:44","slug":"ukraine-wolodymyr-selenskys-partei-diener-des-volkes-gewinnt-parlamentswahlen","status":"publish","type":"post","link":"https:\/\/russlandverstehen.eu\/de\/ukraine-wolodymyr-selenskys-partei-diener-des-volkes-gewinnt-parlamentswahlen\/","title":{"rendered":"Die \u201eDiener des Volkes\u201c k\u00f6nnen anfan\u00adgen zu&nbsp;dienen"},"content":{"rendered":"<div class=\"wpb-content-wrapper\"><figure id=\"attachment_33216\" aria-describedby=\"caption-attachment-33216\" style=\"width: 1200px\" class=\"wp-caption alignnone\"><img class=\"wp-image-33216 size-medium\" src=\"https:\/\/libmod.de\/wp-content\/uploads\/shutterstock_1387005467-1-e1563795100927-770x321.jpg\" alt width=\"1200\" height=\"500\"><figcaption id=\"caption-attachment-33216\" class=\"wp-caption-text\">\u00a9 Shut\u00adter\u00adstock<\/figcaption><\/figure>\n<p>[vc_row][vc_column][vc_column_text][\/vc_column_text][\/vc_column][\/vc_row][vc_row css=\u201c.vc_custom_1508251598805{margin-top: 30px !important;}\u201c][vc_column width=\u201e2\/3\u201c css=\u201c.vc_custom_1508252250311{padding-right: 20px !important;}\u201c][vc_column_text]<\/p>\n<h2>Der Wunsch nach Erneue\u00adrung ist \u00fcber\u00adw\u00e4l\u00adti\u00adgend: Die Ukraine hat ein neues Par\u00adla\u00adment gew\u00e4hlt. Wolo\u00addymyr&nbsp;Selen\u00adskyjs Partei \u201eDiener des Volkes\u201c ist der gro\u00dfe Gewin\u00adner. Doch wer sitzt in der neuen&nbsp;Rada?<\/h2>\n<p><!--more--><\/p>\n<p>Die Ukraine hat gew\u00e4hlt. Die \u201eDiener des Volkes\u201c haben abge\u00adr\u00e4umt. Das poli\u00adti\u00adsche Estab\u00adlish\u00adment wurde nach Hause geschickt. Dar\u00adun\u00adter viele Ban\u00addi\u00adten \u2013 aber auch erfah\u00adrene und ehren\u00adwerte Leute. Selbst jene, die den Ansto\u00df f\u00fcr die Revo\u00adlu\u00adtion der W\u00fcrde gaben, werden in der n\u00e4chs\u00adten Rada nicht mehr ver\u00adtre\u00adten sein. Und eine vor vier Jahren noch neue, schein\u00adbar unver\u00adbrauchte Kraft wie die Partei \u201eSamo\u00adpo\u00admit\u00adsch\u201c ist nur noch im Null-Komma-Bereich zu&nbsp;finden.&nbsp;<\/p><div class=\"libmod-author-box\"><p><img src=\"https:\/\/libmod.de\/wp-content\/uploads\/Marieluise_Beck_rund.jpg\" alt=\"Portrait von Marieluise Beck\"><\/p>\n<p><a href=\"https:\/\/libmod.de\/author\/marieluise-beck\/\">Marie\u00adluise Beck<\/a> ist Senior Fellow am Zentrum Libe\u00adrale&nbsp;Moderne.<\/p><\/div>\n<p><a href=\"https:\/\/libmod.de\/wolodymyr-selenskyj-gastbeitrag-von-marieluise-beck-auf-zeit-online\/\">So wie Pr\u00e4\u00adsi\u00addent Wolo\u00addymyr Selen\u00adskyj<\/a> noch nicht erken\u00adnen l\u00e4sst, wer er ist und wohin er will, so gilt das nun auch f\u00fcr die Rada. Die \u201eDiener des Volkes\u201c ver\u00adfehl\u00adten zwar die abso\u00adlute Mehr\u00adheit bei der Wahl nach Par\u00adtei\u00adlis\u00adten. Die direkt gew\u00e4hl\u00adten Abge\u00adord\u00adne\u00adten geben Selen\u00adskyj jedoch die Chance auf eine Allein\u00adre\u00adgie\u00adrung. Bei den Direkt\u00adwah\u00adlen in den Wahl\u00adkrei\u00adsen haben seine Kan\u00addi\u00adda\u00adten \u2013 alle\u00adsamt New\u00adco\u00admer \u2013 noch st\u00e4rker abge\u00adr\u00e4umt als bei der Lis\u00adten\u00adwahl. Der Wunsch nach Erneue\u00adrung ist \u00fcberw\u00e4ltigend.<\/p>\n<h2>Was k\u00f6nnen wir \u00fcber diese Wahl&nbsp;sagen?<\/h2>\n<p>Nur etwa die H\u00e4lfte der ukrai\u00adni\u00adschen Wahl\u00adbe\u00adrech\u00adtig\u00adten ging zur Urne. Zu oft sind sie seit dem Fall der Sowjet\u00adunion auf\u00adge\u00adbro\u00adchen und doch wieder ent\u00adt\u00e4uscht worden. Aber wie schon die Pr\u00e4\u00adsi\u00adden\u00adten\u00adwahl im April war auch dieser Urnen\u00adgang eine deut\u00adli\u00adche Abfuhr f\u00fcr die poli\u00adti\u00adschen Eliten, die wie Petro Poro\u00adschenko mit einem gro\u00dfen Ver\u00adtrau\u00adens\u00advor\u00adschuss gestar\u00adtet sind und nicht \u201egelie\u00adfert\u201c&nbsp;haben.<\/p>\n<p>Die wirt\u00adschaft\u00adli\u00adche Lage ist schlecht, dar\u00fcber kann auch das glit\u00adzernde Kiewer Zentrum nicht hin\u00adweg\u00adt\u00e4u\u00adschen. Das <em>big game<\/em> der Olig\u00adar\u00adchen ging weiter und es war unklar, wie weit der alte Pr\u00e4\u00adsi\u00addent auf diesem Feld mit\u00admischte. Sein Gene\u00adral\u00adstaats\u00adan\u00adwalt jeden\u00adfalls war kein Garant f\u00fcr den Kampf gegen die Kor\u00adrup\u00adtion. Der Krieg im Osten geht weiter, fast t\u00e4glich gibt es weitere Tote und Ver\u00adwun\u00addete. Dennoch ist erstaun\u00adlich, dass Poro\u00adschen\u00adkos Partei nur knapp neun Prozent der Stimmen erhielt: Er hat das Land auf Kurs gen Westen gehal\u00adten, er war ein solider Partner f\u00fcr die EU und den inter\u00adna\u00adtio\u00adna\u00adlen W\u00e4h\u00adrungs\u00adfonds, und die Been\u00addi\u00adgung des Krieges ist eine <em>mission impos\u00adsi\u00adble<\/em>, solange sie vom Kreml nicht gewollt wird. Eine pro\u00adspe\u00adrie\u00adrende Ukraine ist f\u00fcr Putin ein&nbsp;Albtraum.<\/p>\n<p>Der oppo\u00adsi\u00adtio\u00adnelle Block, das Sprach\u00adrohr des Kremls, wird ent\u00adt\u00e4uscht sein. Rund elf Prozent ist ein Absturz gegen\u00ad\u00fcber der letzten Rada\u00adwahl. Viktor Medwet\u00adschuk&nbsp;mag sich die Frage stellen, ob der \u00f6ffent\u00adlich zele\u00adbrierte Schul\u00adter\u00adschluss mit Putin wirk\u00adlich eine gute Idee war. Am st\u00e4rks\u00adten wurde die Partei im S\u00fcd\u00ados\u00adten der Ukraine gew\u00e4hlt, dort ist das Ver\u00adtrauen in Kiew offen\u00adbar am gerings\u00adten. Auch Julia Timo\u00adschenko, die sich im Kampf um das Pr\u00e4\u00adsi\u00adden\u00adten\u00adamt noch Hoff\u00adnun\u00adgen auf ein Come\u00adback machen konnte, wird mit ihren rund sieben Prozent poli\u00adti\u00adsche Geschichte sein. Dabei hatten ihre Par\u00adla\u00admen\u00adta\u00adrier sich schon in einer Koali\u00adtion mit Selen\u00adskyj&nbsp;gesehen.<\/p>\n<p>Bleibt neben dem Schau\u00adspie\u00adler Selen\u00adskyj der Rock\u00ads\u00e4n\u00adger Swja\u00adto\u00ads\u00adlaw Wakart\u00adschuk. Auch er steht f\u00fcr etwas Unver\u00adbrauch\u00adtes, zugleich aber auch f\u00fcr ein ger\u00fct\u00adtelt Ma\u00df an Uner\u00adfah\u00adren\u00adheit. Man hatte erwar\u00adtet, dass er den \u201eEuro\u00adop\u00adti\u00admis\u00adten\u201c, der ersten Gene\u00adra\u00adtion von Maidan-Abge\u00adord\u00adne\u00adten im Par\u00adla\u00adment, eine poli\u00adti\u00adsche Heimat geben w\u00fcrde. Aber er ent\u00adschied sich f\u00fcr das Modell \u201ealles neu\u201c und bediente damit den Antiestab\u00adlish\u00adment-Impuls im Volk. Nur: Auf diesem Feld war Selen\u00adskyj unschlag\u00adbar. Es blieben knappe sieben Prozent f\u00fcr Wakartschuk.<\/p>\n<h2>Es ist Zeit, die Kreml-Legende von der \u201efaschis\u00adti\u00adschen Ukraine\u201c zu&nbsp;begraben<\/h2>\n<p>Eine gro\u00dfe \u00dcber\u00adra\u00adschung ist der Blick auf die Regio\u00adnen. Nicht im Osten, im Donbas, haben die&nbsp;pro\u00adrus\u00adsi\u00adschen Par\u00adteien viel Zuspruch erfah\u00adren, sondern vor allem im S\u00fcden. Das muss einer neuen Regie\u00adrung Selen\u00adskyj zu denken&nbsp;geben.<\/p>\n<p>Darf man in Deutsch\u00adland, wo so viele Stimmen vor dem Rechten Block, den Anti\u00adse\u00admi\u00adten und Faschis\u00adten in der Ukraine warnten, noch kurz die nicht einmal drei Prozent ent\u00adge\u00adgen\u00adhal\u00adten, die ultra\u00adrechte Par\u00adteien ein\u00adge\u00adfah\u00adren haben? In Sachsen w\u00e4ren wir \u00fcber solche beschei\u00adde\u00adnen Ergeb\u00adnisse der AfD erleich\u00adtert. Es wird Zeit, <a href=\"https:\/\/libmod.de\/golineh-atai-rezension-von-die-wahrheit-ist-der-feind\/\">die Kreml-Legende vom \u201efaschis\u00adti\u00adschen Putsch in der Ukraine\u201c zu begra\u00adben<\/a>.<\/p>\n<p>Was bleibt? Wir werden uns gedul\u00adden m\u00fcssen. Die Frage \u201eWer ist Selen\u00adskyj?\u201c wird nun erg\u00e4nzt um die Frage \u201eWer sitzt in der neuen Rada?\u201c. Aber der Vorhang wird sich l\u00fcften. Wird tat\u00ads\u00e4ch\u00adlich ein unver\u00adbrauch\u00adter Refor\u00admer Minis\u00adter\u00adpr\u00e4\u00adsi\u00addent, wie von Selen\u00adskyj ange\u00adk\u00fcn\u00addigt? Wer wird Gene\u00adral\u00adstaats\u00adan\u00adwalt? Welche Spiel\u00adr\u00e4ume bekommt die Anti\u00adkor\u00adrup\u00adti\u00adons\u00adbe\u00adh\u00f6rde NABU? Was wird aus dem Ringen um Ihor Kolo\u00admo\u00adjs\u00adkyjs \u201ePri\u00advat\u00adbank\u201c?<\/p>\n<p>Und: Wird die ange\u00adk\u00fcn\u00addigte Auf\u00adhe\u00adbung der Immu\u00adni\u00adt\u00e4t der Abge\u00adord\u00adne\u00adten ein fatales Droh\u00adin\u00adstru\u00adment gegen die poli\u00adti\u00adschen Gegner des Pr\u00e4\u00adsi\u00adden\u00adten? Oder wird der Kor\u00adrup\u00adtion im Par\u00adla\u00adment damit der Kampf&nbsp;angesagt?<\/p>\n<p>Die \u201eDiener des Volkes\u201c k\u00f6nnen begin\u00adnen zu dienen. Hoffen wir, dass sie nur Gutes im Schilde f\u00fchren.&nbsp;Die EU hat es in der Hand, Selen\u00adskyj bei den ange\u00adk\u00fcn\u00addig\u00adten Refor\u00admen zu unter\u00adst\u00fct\u00adzen, poli\u00adtisch wie finan\u00adzi\u00adell. Europa hat jedes Inter\u00adesse an einer demo\u00adkra\u00adti\u00adschen und wirt\u00adschaft\u00adlich erfolg\u00adrei\u00adchen&nbsp;Ukraine.<\/p>\n<p><img class=\"alignnone wp-image-23921 size-full\" src=\"https:\/\/russlandverstehen.eu\/wp-content\/uploads\/textende.png\" alt=\"Textende\" width=\"40\" height=\"120\"><\/p>\n<p>[\/vc_column_text][vc_separator][vc_column_text]Hat Ihnen unser Beitrag gefal\u00adlen? Dann spenden Sie doch einfach und bequem \u00fcber unser Spen\u00adden\u00adtool. Sie unter\u00adst\u00fct\u00adzen damit die publi\u00adzis\u00adti\u00adsche Arbeit von&nbsp;LibMod.<\/p>\n<p>[\/vc_column_text][vc_column_text]<script type=\"text\/javascript\">\n\t(function() {\n\t\tvar u=\"https:\/\/spenden.twingle.de\/embed\/genericorganisation\/genericproject\/tw5aeafe12eb6cb\/widget\";\n\t\tvar id = '_' + Math.random().toString(36).substr(2, 9);\n\t\tvar d=document, g=d.createElement('script'), s=d.getElementsByTagName('script')[0];\n\t\tdocument.write('<div id=\"twingle-public-embed-' + id + '\"><\/div>');\n\t\tg.type='text\/javascript'; g.async=true; g.defer=true; g.src=u+'\/'+id; s.parentNode.insertBefore(g,s);\n\t})();\n<\/script>[\/vc_column_text][vc_column_text]Wir sind als gemein\u00adn\u00fct\u00adzig aner\u00adkannt, ent\u00adspre\u00adchend sind Spenden steu\u00ader\u00adlich absetz\u00adbar. F\u00fcr eine Spen\u00adden\u00adbe\u00adschei\u00adni\u00adgung (n\u00f6tig bei einem Betrag \u00fcber 200 EUR), senden Sie Ihre Adress\u00adda\u00adten bitte an <a href=\"mailto:finanzen@libmod.de\">finanzen@libmod.de<\/a><\/p>\n<p>&nbsp;<\/p>\n<p>[\/vc_column_text][\/vc_column][vc_column width=\u201e1\/3\u201c el_class=\u201edimmer\u201c][vc_empty_space height=\u201e130px\u201c][vc_column_text]<\/p>\n<h2>Ver\u00adwandte&nbsp;Themen<\/h2>\n<p>[\/vc_column_text][vc_basic_grid post_type=\u201epost\u201c max_items=\u201e3\u201c element_width=\u201e12\u201c item=\u201e24066\u201c grid_id=\u201evc_gid:1509971516430-d6edf243-a08c\u20115\u201c css=\u201c.vc_custom_1508761943581{background-color: #ffffff !important;}\u201c taxonomies=\u201e51\u201c][vc_row_inner css=\u201c.vc_custom_1508164629489{margin-top: 30px !important;margin-right: 0px !important;margin-left: 0px !important;background-color: #03d0b6 !important;}\u201c][vc_column_inner][vc_column_text css=\u201c.vc_custom_1508167210959{margin-top: \u201115px !important;}\u201c]<\/p>\n<h2><span style=\"color: #ffffff;\">News\u00adlet\u00adter&nbsp;bestellen<\/span><\/h2>\n<p>[\/vc_column_text][vc_column_text css=\u201c.vc_custom_1508166779270{margin-top: \u201110px !important;}\u201c]Mit dem LibMod-News\u00adlet\u00adter erhal\u00adten Sie regel\u00adm\u00e4\u00ad\u00dfig Neu\u00adig\u00adkei\u00adten zu unseren Themen in Ihr&nbsp;Postfach.<\/p>\n<p><script>(function() {\n\twindow.mc4wp = window.mc4wp || {\n\t\tlisteners: [],\n\t\tforms: {\n\t\t\ton: function(evt, cb) {\n\t\t\t\twindow.mc4wp.listeners.push(\n\t\t\t\t\t{\n\t\t\t\t\t\tevent   : evt,\n\t\t\t\t\t\tcallback: cb\n\t\t\t\t\t}\n\t\t\t\t);\n\t\t\t}\n\t\t}\n\t}\n})();\n<\/script><!-- Mailchimp for WordPress v4.12.2 - https:\/\/wordpress.org\/plugins\/mailchimp-for-wp\/ --><\/p><form id=\"mc4wp-form-1\" class=\"mc4wp-form mc4wp-form-24179 mc4wp-form-theme mc4wp-form-theme-light\" method=\"post\" data-id=\"24179\" data-name=\"LibMod Newsletter\"><div class=\"mc4wp-form-fields\"><p>\n    <label>Anrede<\/label>\n    <select name=\"ANREDE\" required>\n        <option value=\"Frau\" selected=\"true\">Frau<\/option>\n        <option value=\"Herr\">Herr<\/option>\n        <option value=\"X\">X<\/option>\n    <\/select>\n<\/p>\n<p>\n    <label>Insti\u00adtu\u00adtion<\/label>\n    <input name=\"MMERGE3\" type=\"text\">\n<\/p>\n<p>\n    <label>Nach\u00adname<\/label>\n    <input name=\"MMERGE2\" required type=\"text\">\n<\/p>\n<p>\n    <label>Vorname<\/label>\n    <input name=\"MMERGE1\" required type=\"text\">\n<\/p>\n<p>\n    <label>Kate\u00adgo\u00adrie<\/label>\n    <select name=\"KATEGORIE\" required>\n        <option value=\"Newsletter\" selected=\"true\">Newsletter<\/option>\n    <\/select>\n<\/p>\n<p><input type=\"email\" name=\"EMAIL\" placeholder=\"Ihre Mail-Addresse\" required>\n<\/p><p>Mit unseren <span style=\"color: #000000;\"><a style=\"color: #000000;\" href=\"https:\/\/libmod.de\/datenschutzerklaerung\/\" target=\"_blank\" rel=\"noopener\">Daten\u00adschutz\u00adbe\u00adstim\u00admun\u00adgen<\/a><\/span> erkl\u00e4\u00adren Sie sich einverstanden.<br>\n<input type=\"submit\" value=\"Absenden\"><\/p><\/div><label style=\"display: none !important;\">Wenn du ein Mensch bist, lasse das Feld&nbsp;leer:&nbsp;<input type=\"text\" name=\"_mc4wp_honeypot\" value tabindex=\"-1\" autocomplete=\"off\"><\/label><input type=\"hidden\" name=\"_mc4wp_timestamp\" value=\"1777548343\"><input type=\"hidden\" name=\"_mc4wp_form_id\" value=\"24179\"><input type=\"hidden\" name=\"_mc4wp_form_element_id\" value=\"mc4wp-form-1\"><div class=\"mc4wp-response\"><\/div><\/form><!-- \/ Mailchimp for WordPress Plugin -->[\/vc_column_text][\/vc_column_inner][\/vc_row_inner][\/vc_column][\/vc_row]\n<\/div>","protected":false},"excerpt":{"rendered":"<p>[vc_row][vc_column][vc_column_text][\/vc_column_text][\/vc_column][\/vc_row][vc_row css=\u201c.vc_custom_1508251598805{margin-top: 30px !important;}\u201c][vc_column width=\u201e2\/3\u201c css=\u201c.vc_custom_1508252250311{padding-right: 20px !important;}\u201c][vc_column_text] Der Wunsch nach Erneue\u00adrung ist \u00fcber\u00adw\u00e4l\u00adti\u00adgend: Die Ukraine hat ein neues Par\u00adla\u00adment gew\u00e4hlt. Wolo\u00addymyr&nbsp;Selen\u00adskyjs Partei \u201eDiener des Volkes\u201c ist der gro\u00dfe&nbsp;Gewinner....<\/p>\n","protected":false},"author":6,"featured_media":0,"comment_status":"closed","ping_status":"closed","sticky":false,"template":"","format":"standard","meta":{"_acf_changed":false,"wp_typography_post_enhancements_disabled":false,"footnotes":""},"categories":[20],"tags":[551,84,30,2281,25,9488],"class_list":["post-33208","post","type-post","status-publish","format-standard","category-analyse","tag-donbass","tag-ostukraine","tag-russland","tag-system-putin","tag-ukraine","tag-wolodymyr-selenskyj"],"acf":[],"yoast_head":"<!-- This site is optimized with the Yoast SEO Premium plugin v25.0 (Yoast SEO v27.5) - https:\/\/yoast.com\/product\/yoast-seo-premium-wordpress\/ -->\n<title>Ukraine: Die \u201eDiener des Volkes\u201c k\u00f6nnen beginnen zu dienen<\/title>\n<meta name=\"description\" content=\"Der Wunsch nach Erneuerung ist \u00fcberw\u00e4ltigend: Die Ukraine hat ein neues Parlament gew\u00e4hlt. Wolodymyr\u00a0Selenskys Partei &quot;Diener des Volkes&quot; ist der gro\u00dfe Gewinner.\" \/>\n<meta name=\"robots\" content=\"index, follow, max-snippet:-1, max-image-preview:large, max-video-preview:-1\" \/>\n<link rel=\"canonical\" href=\"https:\/\/ukraineverstehen.de\/beck-historischer-wahlsieg-fuer-selenskyjs-partei\/\" \/>\n<meta property=\"og:locale\" content=\"de_DE\" \/>\n<meta property=\"og:type\" content=\"article\" \/>\n<meta property=\"og:title\" content=\"Die \u201eDiener des Volkes\u201c k\u00f6nnen beginnen zu dienen\" \/>\n<meta property=\"og:description\" content=\"Der Wunsch nach Erneuerung ist \u00fcberw\u00e4ltigend: Die Ukraine hat ein neues Parlament gew\u00e4hlt. Wolodymyr Selenskys Partei &quot;Diener des Volkes&quot; ist der gro\u00dfe Gewinner. Doch wer sitzt in der neuen Rada?\" \/>\n<meta property=\"og:url\" content=\"https:\/\/ukraineverstehen.de\/beck-historischer-wahlsieg-fuer-selenskyjs-partei\/\" \/>\n<meta property=\"og:site_name\" content=\"Russland verstehen\" \/>\n<meta property=\"article:publisher\" content=\"https:\/\/www.facebook.com\/LiberaleModerne\/\" \/>\n<meta property=\"article:published_time\" content=\"2019-07-22T10:51:38+00:00\" \/>\n<meta property=\"article:modified_time\" content=\"2020-03-28T00:33:44+00:00\" \/>\n<meta property=\"og:image\" content=\"https:\/\/libmod.de\/wp-content\/uploads\/shutterstock_1387005467-1-e1563795100927-770x321.jpg\" \/>\n<meta name=\"author\" content=\"Marieluise Beck\" \/>\n<meta name=\"twitter:card\" content=\"summary_large_image\" \/>\n<meta name=\"twitter:title\" content=\"Die \u201eDiener des Volkes\u201c k\u00f6nnen beginnen zu dienen\" \/>\n<meta name=\"twitter:description\" content=\"Die Ukraine hat ein neues Parlament gew\u00e4hlt. Wolodymyr Selenskys Partei &quot;Diener des Volkes&quot; ist der gro\u00dfe Gewinner.\" \/>\n<meta name=\"twitter:creator\" content=\"@liberalemoderne\" \/>\n<meta name=\"twitter:site\" content=\"@liberalemoderne\" \/>\n<meta name=\"twitter:label1\" content=\"Verfasst von\" \/>\n\t<meta name=\"twitter:data1\" content=\"Marieluise Beck\" \/>\n\t<meta name=\"twitter:label2\" content=\"Gesch\u00e4tzte Lesezeit\" \/>\n\t<meta name=\"twitter:data2\" content=\"5\u00a0Minuten\" \/>\n<script type=\"application\/ld+json\" class=\"yoast-schema-graph\">{\"@context\":\"https:\\\/\\\/schema.org\",\"@graph\":[{\"@type\":\"Article\",\"@id\":\"https:\\\/\\\/ukraineverstehen.de\\\/beck-historischer-wahlsieg-fuer-selenskyjs-partei\\\/#article\",\"isPartOf\":{\"@id\":\"https:\\\/\\\/russlandverstehen.eu\\\/de\\\/ukraine-wolodymyr-selenskys-partei-diener-des-volkes-gewinnt-parlamentswahlen\\\/\"},\"author\":{\"name\":\"Marieluise Beck\",\"@id\":\"\\\/#\\\/schema\\\/person\\\/c3442e42efb79feb9ba6e1e943a61173\"},\"headline\":\"Die \u201eDiener des Volkes\u201c k\u00f6nnen anfan\u00adgen zu&nbsp;dienen\",\"datePublished\":\"2019-07-22T10:51:38+00:00\",\"dateModified\":\"2020-03-28T00:33:44+00:00\",\"mainEntityOfPage\":{\"@id\":\"https:\\\/\\\/russlandverstehen.eu\\\/de\\\/ukraine-wolodymyr-selenskys-partei-diener-des-volkes-gewinnt-parlamentswahlen\\\/\"},\"wordCount\":1080,\"publisher\":{\"@id\":\"\\\/#organization\"},\"image\":{\"@id\":\"https:\\\/\\\/ukraineverstehen.de\\\/beck-historischer-wahlsieg-fuer-selenskyjs-partei\\\/#primaryimage\"},\"thumbnailUrl\":\"https:\\\/\\\/libmod.de\\\/wp-content\\\/uploads\\\/shutterstock_1387005467-1-e1563795100927-770x321.jpg\",\"keywords\":[\"Donbass\",\"Ostukraine\",\"Russland\",\"System Putin\",\"Ukraine\",\"Wolo\u00addy\u00admyr Selen\u00adskyj\"],\"articleSection\":[\"Analyse&emsp;\"],\"inLanguage\":\"de\"},{\"@type\":\"WebPage\",\"@id\":\"https:\\\/\\\/russlandverstehen.eu\\\/de\\\/ukraine-wolodymyr-selenskys-partei-diener-des-volkes-gewinnt-parlamentswahlen\\\/\",\"url\":\"https:\\\/\\\/ukraineverstehen.de\\\/beck-historischer-wahlsieg-fuer-selenskyjs-partei\\\/\",\"name\":\"Ukraine: Die \u201eDiener des Volkes\u201c k\u00f6nnen beginnen zu dienen\",\"isPartOf\":{\"@id\":\"\\\/#website\"},\"primaryImageOfPage\":{\"@id\":\"https:\\\/\\\/ukraineverstehen.de\\\/beck-historischer-wahlsieg-fuer-selenskyjs-partei\\\/#primaryimage\"},\"image\":{\"@id\":\"https:\\\/\\\/ukraineverstehen.de\\\/beck-historischer-wahlsieg-fuer-selenskyjs-partei\\\/#primaryimage\"},\"thumbnailUrl\":\"https:\\\/\\\/libmod.de\\\/wp-content\\\/uploads\\\/shutterstock_1387005467-1-e1563795100927-770x321.jpg\",\"datePublished\":\"2019-07-22T10:51:38+00:00\",\"dateModified\":\"2020-03-28T00:33:44+00:00\",\"description\":\"Der Wunsch nach Erneuerung ist \u00fcberw\u00e4ltigend: Die Ukraine hat ein neues Parlament gew\u00e4hlt. Wolodymyr\u00a0Selenskys Partei \\\"Diener des Volkes\\\" ist der gro\u00dfe Gewinner.\",\"breadcrumb\":{\"@id\":\"https:\\\/\\\/ukraineverstehen.de\\\/beck-historischer-wahlsieg-fuer-selenskyjs-partei\\\/#breadcrumb\"},\"inLanguage\":\"de\",\"potentialAction\":[{\"@type\":\"ReadAction\",\"target\":[\"https:\\\/\\\/ukraineverstehen.de\\\/beck-historischer-wahlsieg-fuer-selenskyjs-partei\\\/\"]}]},{\"@type\":\"ImageObject\",\"inLanguage\":\"de\",\"@id\":\"https:\\\/\\\/ukraineverstehen.de\\\/beck-historischer-wahlsieg-fuer-selenskyjs-partei\\\/#primaryimage\",\"url\":\"https:\\\/\\\/libmod.de\\\/wp-content\\\/uploads\\\/shutterstock_1387005467-1-e1563795100927-770x321.jpg\",\"contentUrl\":\"https:\\\/\\\/libmod.de\\\/wp-content\\\/uploads\\\/shutterstock_1387005467-1-e1563795100927-770x321.jpg\"},{\"@type\":\"BreadcrumbList\",\"@id\":\"https:\\\/\\\/ukraineverstehen.de\\\/beck-historischer-wahlsieg-fuer-selenskyjs-partei\\\/#breadcrumb\",\"itemListElement\":[{\"@type\":\"ListItem\",\"position\":1,\"name\":\"Startseite\",\"item\":\"https:\\\/\\\/russlandverstehen.eu\\\/de\\\/\"},{\"@type\":\"ListItem\",\"position\":2,\"name\":\"Die \u201eDiener des Volkes\u201c k\u00f6nnen anfan\u00adgen zu&nbsp;dienen\"}]},{\"@type\":\"WebSite\",\"@id\":\"\\\/#website\",\"url\":\"\\\/\",\"name\":\"Russland verstehen\",\"description\":\"Zentrum Liberale Moderne\",\"publisher\":{\"@id\":\"\\\/#organization\"},\"potentialAction\":[{\"@type\":\"SearchAction\",\"target\":{\"@type\":\"EntryPoint\",\"urlTemplate\":\"\\\/?s={search_term_string}\"},\"query-input\":{\"@type\":\"PropertyValueSpecification\",\"valueRequired\":true,\"valueName\":\"search_term_string\"}}],\"inLanguage\":\"de\"},{\"@type\":\"Organization\",\"@id\":\"\\\/#organization\",\"name\":\"Russland verstehen\",\"url\":\"\\\/\",\"logo\":{\"@type\":\"ImageObject\",\"inLanguage\":\"de\",\"@id\":\"\\\/#\\\/schema\\\/logo\\\/image\\\/\",\"url\":\"\",\"contentUrl\":\"\",\"caption\":\"Russland verstehen\"},\"image\":{\"@id\":\"\\\/#\\\/schema\\\/logo\\\/image\\\/\"},\"sameAs\":[\"https:\\\/\\\/www.facebook.com\\\/LiberaleModerne\\\/\",\"https:\\\/\\\/x.com\\\/liberalemoderne\"]},{\"@type\":\"Person\",\"@id\":\"\\\/#\\\/schema\\\/person\\\/c3442e42efb79feb9ba6e1e943a61173\",\"name\":\"Marieluise Beck\",\"image\":{\"@type\":\"ImageObject\",\"inLanguage\":\"de\",\"@id\":\"https:\\\/\\\/russlandverstehen.eu\\\/wp-content\\\/uploads\\\/User-150x150.png\",\"url\":\"https:\\\/\\\/russlandverstehen.eu\\\/wp-content\\\/uploads\\\/User-150x150.png\",\"contentUrl\":\"https:\\\/\\\/russlandverstehen.eu\\\/wp-content\\\/uploads\\\/User-150x150.png\",\"caption\":\"Marieluise Beck\"},\"description\":\"Marieluise Beck ist Senior Fellow am Zentrum Liberale Moderne. Sie war 1983 Spre\u00adche\u00adrin der ersten gr\u00fcnen Bun\u00addes\u00adtags\u00adfrak\u00adtion, von 1983 bis 2017 Mit\u00adglied des Bun\u00addes\u00adta\u00adges und seit 2005 Mit\u00adglied des Aus\u00adw\u00e4r\u00adti\u00adgen Aus\u00adschus\u00adses. In der rot-gr\u00fcnen Bun\u00addes\u00adre\u00adgie\u00adrung hatte sie das Amt der Migra\u00adti\u00adons\u00adbe\u00adauf\u00adtrag\u00adten inne und war par\u00adla\u00admen\u00adta\u00adri\u00adsche Staats\u00adse\u00adkre\u00adt\u00e4\u00adrin im Bun\u00addes\u00adfa\u00admi\u00adli\u00aden\u00admi\u00adnis\u00adte\u00adrium. Au\u00dfer\u00addem war sie Mit\u00adglied der Par\u00adla\u00admen\u00adta\u00adri\u00adschen Ver\u00adsamm\u00adlung des Euro\u00adpa\u00adra\u00adtes. Dort schloss sie sich der Frak\u00adtion \u201eAllianz der Libe\u00adra\u00adlen und Demo\u00adkra\u00adten f\u00fcr Europa\u201c (ALDE) an. Sie war Vor\u00adstandsmitglied des Peters\u00adbur\u00adger Dialogs. W\u00e4hrend des ser\u00adbisch-bos\u00adni\u00adschen Krieges gr\u00fcn\u00addete sie das Hilfs\u00adwerk \u201eBr\u00fccke der Hoff\u00adnung\u201c, das inzwi\u00adschen \u00fcber 10 Mil\u00adlio\u00adnen Euro f\u00fcr huma\u00adni\u00adt\u00e4re Pro\u00adjekte umge\u00adsetzt hat.\",\"url\":\"https:\\\/\\\/russlandverstehen.eu\\\/de\\\/author\\\/zlm_marieluise_beck\\\/\"}]}<\/script>\n<!-- \/ Yoast SEO Premium plugin. -->","yoast_head_json":{"title":"Ukraine: Die \u201eDiener des Volkes\u201c k\u00f6nnen beginnen zu dienen","description":"Der Wunsch nach Erneuerung ist \u00fcberw\u00e4ltigend: Die Ukraine hat ein neues Parlament gew\u00e4hlt. Wolodymyr\u00a0Selenskys Partei \"Diener des Volkes\" ist der gro\u00dfe Gewinner.","robots":{"index":"index","follow":"follow","max-snippet":"max-snippet:-1","max-image-preview":"max-image-preview:large","max-video-preview":"max-video-preview:-1"},"canonical":"https:\/\/ukraineverstehen.de\/beck-historischer-wahlsieg-fuer-selenskyjs-partei\/","og_locale":"de_DE","og_type":"article","og_title":"Die \u201eDiener des Volkes\u201c k\u00f6nnen beginnen zu dienen","og_description":"Der Wunsch nach Erneuerung ist \u00fcberw\u00e4ltigend: Die Ukraine hat ein neues Parlament gew\u00e4hlt. Wolodymyr Selenskys Partei \"Diener des Volkes\" ist der gro\u00dfe Gewinner. Doch wer sitzt in der neuen Rada?","og_url":"https:\/\/ukraineverstehen.de\/beck-historischer-wahlsieg-fuer-selenskyjs-partei\/","og_site_name":"Russland verstehen","article_publisher":"https:\/\/www.facebook.com\/LiberaleModerne\/","article_published_time":"2019-07-22T10:51:38+00:00","article_modified_time":"2020-03-28T00:33:44+00:00","og_image":[{"url":"https:\/\/libmod.de\/wp-content\/uploads\/shutterstock_1387005467-1-e1563795100927-770x321.jpg","type":"","width":"","height":""}],"author":"Marieluise Beck","twitter_card":"summary_large_image","twitter_title":"Die \u201eDiener des Volkes\u201c k\u00f6nnen beginnen zu dienen","twitter_description":"Die Ukraine hat ein neues Parlament gew\u00e4hlt. Wolodymyr Selenskys Partei \"Diener des Volkes\" ist der gro\u00dfe Gewinner.","twitter_creator":"@liberalemoderne","twitter_site":"@liberalemoderne","twitter_misc":{"Verfasst von":"Marieluise Beck","Gesch\u00e4tzte Lesezeit":"5\u00a0Minuten"},"schema":{"@context":"https:\/\/schema.org","@graph":[{"@type":"Article","@id":"https:\/\/ukraineverstehen.de\/beck-historischer-wahlsieg-fuer-selenskyjs-partei\/#article","isPartOf":{"@id":"https:\/\/russlandverstehen.eu\/de\/ukraine-wolodymyr-selenskys-partei-diener-des-volkes-gewinnt-parlamentswahlen\/"},"author":{"name":"Marieluise Beck","@id":"\/#\/schema\/person\/c3442e42efb79feb9ba6e1e943a61173"},"headline":"Die \u201eDiener des Volkes\u201c k\u00f6nnen anfan\u00adgen zu&nbsp;dienen","datePublished":"2019-07-22T10:51:38+00:00","dateModified":"2020-03-28T00:33:44+00:00","mainEntityOfPage":{"@id":"https:\/\/russlandverstehen.eu\/de\/ukraine-wolodymyr-selenskys-partei-diener-des-volkes-gewinnt-parlamentswahlen\/"},"wordCount":1080,"publisher":{"@id":"\/#organization"},"image":{"@id":"https:\/\/ukraineverstehen.de\/beck-historischer-wahlsieg-fuer-selenskyjs-partei\/#primaryimage"},"thumbnailUrl":"https:\/\/libmod.de\/wp-content\/uploads\/shutterstock_1387005467-1-e1563795100927-770x321.jpg","keywords":["Donbass","Ostukraine","Russland","System Putin","Ukraine","Wolo\u00addy\u00admyr Selen\u00adskyj"],"articleSection":["Analyse&emsp;"],"inLanguage":"de"},{"@type":"WebPage","@id":"https:\/\/russlandverstehen.eu\/de\/ukraine-wolodymyr-selenskys-partei-diener-des-volkes-gewinnt-parlamentswahlen\/","url":"https:\/\/ukraineverstehen.de\/beck-historischer-wahlsieg-fuer-selenskyjs-partei\/","name":"Ukraine: Die \u201eDiener des Volkes\u201c k\u00f6nnen beginnen zu dienen","isPartOf":{"@id":"\/#website"},"primaryImageOfPage":{"@id":"https:\/\/ukraineverstehen.de\/beck-historischer-wahlsieg-fuer-selenskyjs-partei\/#primaryimage"},"image":{"@id":"https:\/\/ukraineverstehen.de\/beck-historischer-wahlsieg-fuer-selenskyjs-partei\/#primaryimage"},"thumbnailUrl":"https:\/\/libmod.de\/wp-content\/uploads\/shutterstock_1387005467-1-e1563795100927-770x321.jpg","datePublished":"2019-07-22T10:51:38+00:00","dateModified":"2020-03-28T00:33:44+00:00","description":"Der Wunsch nach Erneuerung ist \u00fcberw\u00e4ltigend: Die Ukraine hat ein neues Parlament gew\u00e4hlt. Wolodymyr\u00a0Selenskys Partei \"Diener des Volkes\" ist der gro\u00dfe Gewinner.","breadcrumb":{"@id":"https:\/\/ukraineverstehen.de\/beck-historischer-wahlsieg-fuer-selenskyjs-partei\/#breadcrumb"},"inLanguage":"de","potentialAction":[{"@type":"ReadAction","target":["https:\/\/ukraineverstehen.de\/beck-historischer-wahlsieg-fuer-selenskyjs-partei\/"]}]},{"@type":"ImageObject","inLanguage":"de","@id":"https:\/\/ukraineverstehen.de\/beck-historischer-wahlsieg-fuer-selenskyjs-partei\/#primaryimage","url":"https:\/\/libmod.de\/wp-content\/uploads\/shutterstock_1387005467-1-e1563795100927-770x321.jpg","contentUrl":"https:\/\/libmod.de\/wp-content\/uploads\/shutterstock_1387005467-1-e1563795100927-770x321.jpg"},{"@type":"BreadcrumbList","@id":"https:\/\/ukraineverstehen.de\/beck-historischer-wahlsieg-fuer-selenskyjs-partei\/#breadcrumb","itemListElement":[{"@type":"ListItem","position":1,"name":"Startseite","item":"https:\/\/russlandverstehen.eu\/de\/"},{"@type":"ListItem","position":2,"name":"Die \u201eDiener des Volkes\u201c k\u00f6nnen anfan\u00adgen zu&nbsp;dienen"}]},{"@type":"WebSite","@id":"\/#website","url":"\/","name":"Russland verstehen","description":"Zentrum Liberale Moderne","publisher":{"@id":"\/#organization"},"potentialAction":[{"@type":"SearchAction","target":{"@type":"EntryPoint","urlTemplate":"\/?s={search_term_string}"},"query-input":{"@type":"PropertyValueSpecification","valueRequired":true,"valueName":"search_term_string"}}],"inLanguage":"de"},{"@type":"Organization","@id":"\/#organization","name":"Russland verstehen","url":"\/","logo":{"@type":"ImageObject","inLanguage":"de","@id":"\/#\/schema\/logo\/image\/","url":"","contentUrl":"","caption":"Russland verstehen"},"image":{"@id":"\/#\/schema\/logo\/image\/"},"sameAs":["https:\/\/www.facebook.com\/LiberaleModerne\/","https:\/\/x.com\/liberalemoderne"]},{"@type":"Person","@id":"\/#\/schema\/person\/c3442e42efb79feb9ba6e1e943a61173","name":"Marieluise Beck","image":{"@type":"ImageObject","inLanguage":"de","@id":"https:\/\/russlandverstehen.eu\/wp-content\/uploads\/User-150x150.png","url":"https:\/\/russlandverstehen.eu\/wp-content\/uploads\/User-150x150.png","contentUrl":"https:\/\/russlandverstehen.eu\/wp-content\/uploads\/User-150x150.png","caption":"Marieluise Beck"},"description":"Marieluise Beck ist Senior Fellow am Zentrum Liberale Moderne. Sie war 1983 Spre\u00adche\u00adrin der ersten gr\u00fcnen Bun\u00addes\u00adtags\u00adfrak\u00adtion, von 1983 bis 2017 Mit\u00adglied des Bun\u00addes\u00adta\u00adges und seit 2005 Mit\u00adglied des Aus\u00adw\u00e4r\u00adti\u00adgen Aus\u00adschus\u00adses. In der rot-gr\u00fcnen Bun\u00addes\u00adre\u00adgie\u00adrung hatte sie das Amt der Migra\u00adti\u00adons\u00adbe\u00adauf\u00adtrag\u00adten inne und war par\u00adla\u00admen\u00adta\u00adri\u00adsche Staats\u00adse\u00adkre\u00adt\u00e4\u00adrin im Bun\u00addes\u00adfa\u00admi\u00adli\u00aden\u00admi\u00adnis\u00adte\u00adrium. Au\u00dfer\u00addem war sie Mit\u00adglied der Par\u00adla\u00admen\u00adta\u00adri\u00adschen Ver\u00adsamm\u00adlung des Euro\u00adpa\u00adra\u00adtes. Dort schloss sie sich der Frak\u00adtion \u201eAllianz der Libe\u00adra\u00adlen und Demo\u00adkra\u00adten f\u00fcr Europa\u201c (ALDE) an. Sie war Vor\u00adstandsmitglied des Peters\u00adbur\u00adger Dialogs. W\u00e4hrend des ser\u00adbisch-bos\u00adni\u00adschen Krieges gr\u00fcn\u00addete sie das Hilfs\u00adwerk \u201eBr\u00fccke der Hoff\u00adnung\u201c, das inzwi\u00adschen \u00fcber 10 Mil\u00adlio\u00adnen Euro f\u00fcr huma\u00adni\u00adt\u00e4re Pro\u00adjekte umge\u00adsetzt hat.","url":"https:\/\/russlandverstehen.eu\/de\/author\/zlm_marieluise_beck\/"}]}},"jetpack_featured_media_url":"","menu_order":250,"_links":{"self":[{"href":"https:\/\/russlandverstehen.eu\/de\/wp-json\/wp\/v2\/posts\/33208","targetHints":{"allow":["GET"]}}],"collection":[{"href":"https:\/\/russlandverstehen.eu\/de\/wp-json\/wp\/v2\/posts"}],"about":[{"href":"https:\/\/russlandverstehen.eu\/de\/wp-json\/wp\/v2\/types\/post"}],"author":[{"embeddable":true,"href":"https:\/\/russlandverstehen.eu\/de\/wp-json\/wp\/v2\/users\/6"}],"replies":[{"embeddable":true,"href":"https:\/\/russlandverstehen.eu\/de\/wp-json\/wp\/v2\/comments?post=33208"}],"version-history":[{"count":1,"href":"https:\/\/russlandverstehen.eu\/de\/wp-json\/wp\/v2\/posts\/33208\/revisions"}],"predecessor-version":[{"id":35936,"href":"https:\/\/russlandverstehen.eu\/de\/wp-json\/wp\/v2\/posts\/33208\/revisions\/35936"}],"wp:attachment":[{"href":"https:\/\/russlandverstehen.eu\/de\/wp-json\/wp\/v2\/media?parent=33208"}],"wp:term":[{"taxonomy":"category","embeddable":true,"href":"https:\/\/russlandverstehen.eu\/de\/wp-json\/wp\/v2\/categories?post=33208"},{"taxonomy":"post_tag","embeddable":true,"href":"https:\/\/russlandverstehen.eu\/de\/wp-json\/wp\/v2\/tags?post=33208"}],"curies":[{"name":"wp","href":"https:\/\/api.w.org\/{rel}","templated":true}]}}