{"id":33591,"date":"2019-09-03T14:34:20","date_gmt":"2019-09-03T12:34:20","guid":{"rendered":"https:\/\/libmod.de\/?p=33591"},"modified":"2020-08-17T20:16:58","modified_gmt":"2020-08-17T18:16:58","slug":"belarus-lukashenka-in-der-klemme","status":"publish","type":"post","link":"https:\/\/russlandverstehen.eu\/de\/belarus-lukashenka-in-der-klemme\/","title":{"rendered":"Luka\u00adshenka in der&nbsp;Klemme"},"content":{"rendered":"<div class=\"wpb-content-wrapper\"><figure id=\"attachment_33601\" aria-describedby=\"caption-attachment-33601\" style=\"width: 1200px\" class=\"wp-caption alignnone\"><img class=\"wp-image-33601 size-medium\" src=\"https:\/\/libmod.de\/wp-content\/uploads\/shutterstock_628807493-1-e1567517203482-770x321.jpg\" alt width=\"1200\" height=\"500\"><figcaption id=\"caption-attachment-33601\" class=\"wp-caption-text\">\u00a9 Shut\u00adter\u00adstock<\/figcaption><\/figure>\n<p>[vc_row][vc_column][vc_column_text][\/vc_column_text][\/vc_column][\/vc_row][vc_row css=\u201c.vc_custom_1508251598805{margin-top: 30px !important;}\u201c][vc_column width=\u201e2\/3\u201c css=\u201c.vc_custom_1508252250311{padding-right: 20px !important;}\u201c][vc_column_text]<\/p>\n<h2>Will Wla\u00addi\u00admir Putin eine Anne\u00adxion von Belarus erzwin\u00adgen? Die wirt\u00adschaft\u00adli\u00adche Abh\u00e4n\u00adgig\u00adkeit des von Dik\u00adta\u00adtor&nbsp;Aljaksandr Luka\u00adshenka gef\u00fchr\u00adten Nach\u00adbar\u00adlan\u00addes spielt ihm in die Karten. Aber der Verlust der bela\u00adrus\u00adsi\u00adschen Sou\u00adve\u00adr\u00e4\u00adni\u00adt\u00e4t w\u00e4re ein wei\u00adte\u00adrer Schlag des Kremls gegen die euro\u00adp\u00e4i\u00adsche&nbsp;Ordnung.<\/h2>\n<p><!--more--><\/p>\n<p>Der Flug\u00adha\u00adfen in Minsk begr\u00fc\u00dft seine G\u00e4ste in drei Spra\u00adchen: Rus\u00adsisch, Bela\u00adrus\u00adsisch und Chi\u00adne\u00adsisch. Die Bot\u00adschaft ist ein\u00addeu\u00adtig. Hier ver\u00adsucht sich ein auto\u00adri\u00adt\u00e4\u00adrer F\u00fchrer dem Druck des Nach\u00adbarn im Osten durch Anleh\u00adnung an China zu ent\u00adzie\u00adhen. Die Ger\u00fcch\u00adte\u00adk\u00fc\u00adche \u00fcber einen vom Kreml gew\u00fcnsch\u00adten Anschluss brodelt schon lange. So soll Putin per\u00ads\u00f6n\u00adlich die Order gegeben haben, das west\u00adli\u00adche Nach\u00adbar\u00adland bis zum Jah\u00adres\u00adende von einer eura\u00adsi\u00adschen Zoll\u00adunion <a href=\"https:\/\/libmod.de\/ingo-petz-bedroht-der-kreml-die-unabhaengigkeit-von-belarus\/\">in eine poli\u00adti\u00adsche Union mit Russ\u00adland zu \u00fcber\u00adf\u00fch\u00adren<\/a>. Ein solches Man\u00f6ver w\u00fcrde Spiel\u00adraum f\u00fcr eine Ver\u00adfas\u00adsungs\u00adre\u00adform er\u00f6ff\u00adnen, die Putin gelegen k\u00e4me. Die Amts\u00adzeit\u00adbe\u00adgren\u00adzung w\u00fcrde fallen und den Weg f\u00fcr einen Pr\u00e4\u00adsi\u00adden\u00adten Putin auf Lebens\u00adzeit frei&nbsp;machen.&nbsp;<\/p><div class=\"libmod-author-box\"><p><img src=\"https:\/\/libmod.de\/wp-content\/uploads\/Marieluise_Beck_rund.jpg\" alt=\"Portrait von Marieluise Beck\"><\/p>\n<p><a href=\"https:\/\/libmod.de\/author\/marieluise-beck\/\">Marie\u00adluise Beck<\/a> ist Senior Fellow am Zentrum Libe\u00adrale&nbsp;Moderne.<\/p><\/div>\n<p>Kein Zweifel, diese Per\u00adspek\u00adtive schmeckt einem Pr\u00e4\u00adsi\u00adden\u00adten Luka\u00adshenka nicht.&nbsp;Ein Leben als Vasall des gro\u00dfen Nach\u00adbarn im Osten? Das hat er sich anders vor\u00adge\u00adstellt.&nbsp;So blieb Luka\u00adshenka denn auch sperrig, als der Angriff auf die sich von Moskau eman\u00adzi\u00adpie\u00adrende Ukraine begann. Die Anne\u00adxion der Krim hat Belarus bis zum heu\u00adti\u00adgen Tage nicht aner\u00adkannt.&nbsp;Am 3.&nbsp;Juli lie\u00df Luka\u00adshenka ein sou\u00adve\u00adr\u00e4\u00adnes Belarus mit gro\u00dfem mili\u00adt\u00e4\u00adri\u00adschen Tamtam hoch\u00adle\u00adben. 75 Jahre Belarus! Die Bot\u00adschaft an Moskau war&nbsp;eindeutig.<\/p>\n<p>Die Macht\u00admit\u00adtel des Kreml jedoch sind erheb\u00adlich. Seit Jahren gew\u00e4hrt der gro\u00dfe Bruder ein ein\u00adtr\u00e4g\u00adli\u00adches Zubrot f\u00fcr den klammen bela\u00adrus\u00adsi\u00adschen Staats\u00adhaus\u00adhalt. Rus\u00adsi\u00adsches Gas und \u00d6l werden zu Inland\u00adprei\u00adsen gelie\u00adfert. Belarus raf\u00adfi\u00adniert das \u00d6l und leitet es zu Welt\u00admarkt\u00adprei\u00adsen auf den West\u00admarkt weiter. Die fak\u00adti\u00adsche Sub\u00adven\u00adtion bel\u00e4uft sich auf bis zu 6&nbsp;Mil\u00adli\u00adar\u00adden US-Dollar pro Jahr. Viel f\u00fcr das arme Belarus. Inzwi\u00adschen aber auch viel f\u00fcr den Kreml, dessen \u00f6ko\u00adno\u00admi\u00adsche Lage nicht rosig ist.&nbsp;In Russ\u00adland dr\u00fccken die Sub\u00adven\u00adtio\u00adnen, der \u00d6lpreis ist gefal\u00adlen, die Bev\u00f6l\u00adke\u00adrung altert, die soziale Lage vieler ist prek\u00e4r und die geplante Her\u00adauf\u00adset\u00adzung des Ren\u00adten\u00adal\u00adters st\u00f6\u00dft auf mas\u00adsi\u00adven&nbsp;Unmut.<\/p>\n<h2>Luka\u00adshenka gilt als der \u201eletzte Dik\u00adta\u00adtor&nbsp;Europas\u201c<\/h2>\n<p>So ist ein Ende der br\u00fc\u00adder\u00adli\u00adchen Sub\u00adven\u00adtion abseh\u00adbar. Sei es, um die rus\u00adsi\u00adsche Staats\u00adkasse zu ent\u00adlas\u00adten. Sei es, um Belarus unter Druck zu setzen.&nbsp;Ein Ende der Lie\u00adfe\u00adrung von Gas und \u00d6l zu rus\u00adsi\u00adschen Inlands\u00adprei\u00adsen w\u00fcrde nicht nur den lukra\u00adti\u00adven Wei\u00adter\u00adver\u00adkauf an West\u00adm\u00e4rkte beenden. Auch im Inland w\u00fcrden Gas- und \u00d6l-Pro\u00addukte teurer werden.&nbsp;Die Kon\u00adse\u00adquen\u00adzen tr\u00e4fen Belarus also in dop\u00adpel\u00adter&nbsp;Weise.<\/p>\n<p>Auch&nbsp;dem bela\u00adrus\u00adsi\u00adschen Agrar\u00admarkt kann der Kreml mit wenigen Ver\u00adord\u00adnun\u00adgen \u00c4rger machen.&nbsp;Fran\u00adz\u00f6\u00adsi\u00adscher K\u00e4se \u2013 seit Beginn der EU-Sank\u00adtio\u00adnen und der rus\u00adsi\u00adschen Gegen\u00adsank\u00adtio\u00adnen auf wun\u00adder\u00adsame Weise aus bela\u00adrus\u00adsi\u00adscher Milch gezau\u00adbert \u2013 k\u00f6nnte als <em>fake<\/em> ent\u00adtarnt werden. Belarus w\u00fcrde das lukra\u00adtive Busi\u00adness ver\u00adlie\u00adren, bei dem Sank\u00adtio\u00adnen umgan\u00adgen werden, bei dem fran\u00adz\u00f6\u00adsi\u00adscher K\u00e4se in bela\u00adrus\u00adsi\u00adschen umeti\u00adket\u00adtiert wird. Zudem k\u00f6nnte der Kreml dies als Anlass nutzen, Milch\u00adpro\u00addukte aus Belarus grund\u00ads\u00e4tz\u00adlich zu unter\u00adsa\u00adgen. Der wirt\u00adschaft\u00adli\u00adche Schaden f\u00fcr Minsk w\u00e4re enorm, denn im Agrar\u00adsek\u00adtor ist Russ\u00adland mit Abstand der wich\u00adtigste Absatz\u00admarkt. Der Kreml nutzt seit je her hygie\u00adni\u00adsche M\u00e4ngel als Anlass, um Lukaschenka mit vor\u00ad\u00fcber\u00adge\u00adhen\u00adden Import\u00adstopps unter Druck zu&nbsp;setzen.<\/p>\n<p>Das alles sieht Luka\u00adshenka, der sich r\u00fchmt, das Land stabil, sauber und ohne west\u00adli\u00adche Spe\u00adrenz\u00adchen zu steuern, sehr wohl. Den Preis f\u00fcr diese Politik der Ordnung zahlen derzeit Jugend\u00adli\u00adche, die mit dras\u00adti\u00adschen Lager\u00adstra\u00adfen f\u00fcr ver\u00adgleichs\u00adweise harm\u00adlo\u00adsen Mari\u00adhua\u00adna\u00adkon\u00adsum bestraft werden. Das Dilemma ist offen\u00adsicht\u00adlich: Von Osten droht der Hunger des ampu\u00adtier\u00adten Impe\u00adri\u00adums, von Westen droht der Ruf nach freien und fairen Wahlen und Menschenrechten.<\/p>\n<p>Durch\u00adaus zeigte sich der \u201eletzte Dik\u00adta\u00adtor Europas\u201c beweg\u00adlich, als ein Schau\u00adkeln zwi\u00adschen Ost und West noch m\u00f6glich war. Die EU pil\u00adgerte nach Minsk, sieben Kan\u00addi\u00adda\u00adten durften zur Pr\u00e4\u00adsi\u00adden\u00adten\u00adwahl 2010 antre\u00adten. Doch als die Ergeb\u00adnisse allzu pein\u00adlich f\u00fcr den Pr\u00e4\u00adsi\u00adden\u00adten aus\u00adfie\u00adlen, wurde der Protest nie\u00adder\u00adge\u00adkn\u00fcp\u00adpelt. Die oppo\u00adsi\u00adtio\u00adnel\u00adlen Bewer\u00adber lan\u00adde\u00adten im Knast.&nbsp;Der Westen f\u00fchlte sich betro\u00adgen \u2013&nbsp;und zog das diplo\u00adma\u00adti\u00adsche Per\u00adso\u00adnal&nbsp;ab.<\/p>\n<p>Was hei\u00dft das f\u00fcr ein Belarus des Jahres 2019? Was hei\u00dft das f\u00fcr den Westen \u2013 soweit es ihn als poli\u00adti\u00adsche Kraft noch&nbsp;gibt?<\/p>\n<h2>Rus\u00adsi\u00adsche Truppen st\u00fcnden an der Grenze zu Estland, Lett\u00adland und&nbsp;Litauen<\/h2>\n<p>Der Verlust der Sou\u00adve\u00adr\u00e4\u00adni\u00adt\u00e4t des Landes w\u00e4re ein wei\u00adte\u00adrer Schlag des Kremls gegen die euro\u00adp\u00e4i\u00adsche Ordnung. Rus\u00adsi\u00adsche Truppen st\u00fcnden an der Grenze zu Estland, Lett\u00adland und Litauen. Auch Polen f\u00e4nde sich als Nachbar der rus\u00adsi\u00adschen F\u00f6de\u00adra\u00adtion wieder. Anders als in Deutsch\u00adland ist der Ein\u00admarsch der Roten Armee am 27.&nbsp;Sep\u00adtem\u00adber 1939, der <a href=\"https:\/\/libmod.de\/vom-hitler-stalin-pakt-zum-zweiten-weltkrieg\/\">dem Ein\u00admarsch der Wehr\u00admacht vom 1.&nbsp;Sep\u00adtem\u00adber folgte<\/a>, in Polen noch im his\u00adto\u00adri\u00adschen&nbsp;Ged\u00e4chtnis.<\/p>\n<p>Und die Bela\u00adrus\u00adsen selbst? Luka\u00adshenka gilt vielen als Fuchs: Rus\u00adsi\u00adschen Expan\u00adsi\u00adons\u00adge\u00adl\u00fcs\u00adten kommt er zuvor, indem er die Bela\u00adrus\u00adsen zu den bes\u00adse\u00adren Russen erkl\u00e4rt, die, ver\u00adsteht sich, ihre Unab\u00adh\u00e4n\u00adgig\u00adkeit nie auf\u00adge\u00adben w\u00fcrden. In der Tat: Auch Belarus ist eine Nation im Werden. Ganz langsam bl\u00fcht die bela\u00adrus\u00adsi\u00adsche Sprache wieder auf. \u00c4hnlich wie in der Ukraine hatte Stalin das Land auch auf dem Feld der Sprache gr\u00fcnd\u00adlich russifiziert.<\/p>\n<p>Zudem hat &nbsp;Luka\u00adshenka offen\u00adbar erfasst, dass seine Chancen, das Land vor Putins Gel\u00fcs\u00adten zu sch\u00fct\u00adzen, in erheb\u00adli\u00adchem Ma\u00dfe von einer \u00f6ko\u00adno\u00admi\u00adschen Moder\u00adni\u00adsie\u00adrung des Landes abh\u00e4n\u00adgen. Kol\u00adchose Luka\u00adshenka ist nicht mehr. Wo er noch 2006 einen erbit\u00adter\u00adten Kampf gegen jeg\u00adli\u00adches Unter\u00adneh\u00admer\u00adtum f\u00fchrte und selbst Markt\u00adfrauen und Klein\u00adun\u00adter\u00adneh\u00admer vor staat\u00adli\u00adcher Ver\u00adfol\u00adgung nicht sicher waren, bekommt der private Sektor Luft. Es gibt viele gut aus\u00adge\u00adbil\u00addete IT-Fach\u00adleute. Fami\u00adli\u00aden\u00adbe\u00adtriebe d\u00fcrfen pro\u00adspe\u00adrie\u00adren. Selbst dem \u00f6ko\u00adlo\u00adgi\u00adschen Landbau wurde durch par\u00adla\u00admen\u00adta\u00adri\u00adsche Initia\u00adti\u00adven, an denen Akti\u00advis\u00adten mit\u00adar\u00adbei\u00adte\u00adten, ein neuer Raum ein\u00adge\u00adrich\u00adtet.&nbsp;Wer die Pro\u00addukt\u00adpa\u00adlette der bela\u00adrus\u00adsi\u00adschen Staats\u00adbe\u00adtriebe kennt, vom Kris\u00adtall der F\u00fcnf\u00adzi\u00adger\u00adjahre bis zur Tisch\u00adw\u00e4\u00adsche mit Design aus Gro\u00df\u00admutters Zeiten, der wei\u00df, wie drin\u00adgend n\u00f6tig Unter\u00adneh\u00admer\u00adgeist und Markt\u00adwirt\u00adschaft f\u00fcr das Land&nbsp;sind.<\/p>\n<p>Wer \u201eWandel durch Handel\u201c mit Gazprom preist, ver\u00adkennt, dass der Wandel eher im Westen statt\u00adzu\u00adfin\u00adden droht. Wandel durch Handel mit pri\u00adva\u00adten, kleinen und mitt\u00adle\u00adren Unter\u00adneh\u00admen in Belarus jedoch k\u00f6nnte Poten\u00adtial &nbsp;f\u00fcr eine gewisse Libe\u00adra\u00adli\u00adsie\u00adrung ent\u00adhal\u00adten. Nicht die EU, sondern die durch Putin geschaf\u00adfene eura\u00adsi\u00adsche Zoll\u00adunion stellt Belarus vor ein Ent\u00adwe\u00adder-Oder. Hier ist eine krea\u00adtive Antwort der EU gefragt, um Belarus aus der Umklam\u00adme\u00adrung der eura\u00adsi\u00adschen Union zu&nbsp;befreien.<\/p>\n<h2>Visa\u00adfrei\u00adheit und Ryanair w\u00e4ren wie Sau\u00ader\u00adstoff f\u00fcr die bela\u00adrus\u00adsi\u00adsche Zivilgesellschaft<\/h2>\n<p>Die poli\u00adti\u00adsche Land\u00adschaft hat sich seit 2010 ver\u00ad\u00e4n\u00addert. Wo bis 2010 ein zu allen Mitteln berei\u00adter Staats\u00adchef die poli\u00adti\u00adsche Oppo\u00adsi\u00adtion ver\u00adfolgte, ein\u00adsperrte, viele von ihnen ver\u00adtrieb oder aufrieb, so tut sich etwas Neues auf. Trotz der blei\u00ader\u00adnen Schwere in \u00d6ko\u00adno\u00admie und Politik \u2013&nbsp;vieles riecht noch nach Kol\u00adchose und homo sovie\u00adti\u00adcus \u2013&nbsp;gibt es Bewe\u00adgung bei den Jungen. Ihre Stra\u00adte\u00adgie ist geschmei\u00addi\u00adger als die der alten Oppo\u00adsi\u00adtion. Sie betrach\u00adten Ver\u00ad\u00e4n\u00adde\u00adrun\u00adgen in einer aktiven B\u00fcr\u00adger\u00adschaft als poli\u00adtisch. Sie denken in der \u00d6ffnung von R\u00e4umen, anstatt in die fron\u00adtale poli\u00adti\u00adsche Kon\u00adfron\u00adta\u00adtion zu&nbsp;gehen.<\/p>\n<p>Ein \u201eEuro\u00adpean College of Liberal Arts\u201c &nbsp;bietet ein viel\u00adf\u00e4l\u00adti\u00adges Angebot in Bildung und Wei\u00adter\u00adbil\u00addung. Die Dozen\u00adten sind gut aus\u00adge\u00adbil\u00addet, jung und modern. Von \u00d6ko\u00adlo\u00adgie bis Phi\u00adlo\u00adso\u00adphie ist das Cur\u00adri\u00adcu\u00adlum breit gef\u00e4\u00adchert. Obwohl nicht staat\u00adlich aner\u00adkannt, werden die Kurse zer\u00adti\u00adfi\u00adziert und der Zulauf ist gro\u00df, auch von Berufs\u00adt\u00e4\u00adti\u00adgen nach Fei\u00ader\u00adabend.&nbsp;Initia\u00adti\u00adven gegen h\u00e4us\u00adli\u00adche Gewalt haben einen R\u00fcck\u00adschlag erlit\u00adten, nachdem Luks\u00adhenka mit dem dummen Spruch, ein Klaps habe noch nie\u00adman\u00addem gescha\u00addet, ein bereits fer\u00adti\u00adges Gesetz wieder kas\u00adsierte. Aber die Frauen sind guten Mutes. Ihre Chancen, Luka\u00adshenka zu \u00fcber\u00addau\u00adern, stehen schon aus bio\u00adlo\u00adgi\u00adschen Gr\u00fcnden&nbsp;gut.<\/p>\n<p>\u201eSag die Wahr\u00adheit\u201c, eine Ini\u00adti\u00adtaive f\u00fcr b\u00fcr\u00adger\u00adli\u00adches Enga\u00adge\u00adment hat \u00fcber 700 Mit\u00adglie\u00adder. Und das nicht nur in Minsk. Es geht um gesell\u00adschaft\u00adli\u00adche Selbst\u00ador\u00adga\u00adni\u00adsa\u00adtion, um ganz prak\u00adti\u00adsche Initia\u00adti\u00adven. Das kann die Stadt\u00adge\u00adstal\u00adtung sein, die Abwehr \u00f6ko\u00adlo\u00adgi\u00adscher Sch\u00e4den im eigenen Umfeld, das \u00d6ffent\u00adlich\u00adma\u00adchen von unter\u00adblie\u00adbe\u00adnen Nach\u00adrich\u00adten. Kein staat\u00adli\u00adcher Nach\u00adrich\u00adten\u00adsen\u00adder hatte vom Tod einer Frau und meh\u00adre\u00adren Ver\u00adletz\u00adten bei dem Feu\u00ader\u00adwerk der Mili\u00adt\u00e4r\u00adpa\u00adrade am Abend des 3.&nbsp;Juli berich\u00adtet. \u201eSag die Wahrn\u00adeit\u201c infor\u00admierte die \u00d6ffent\u00adlich\u00adkeit. Das Inter\u00adnet ist immer noch ein Raum f\u00fcr freie Nachrichten.<\/p>\n<p>Der Westen darf das Debakel von 2010 nicht wie\u00adder\u00adho\u00adlen. Die EU kann Luka\u00adshenka keine Herr\u00adschaft auf Lebens\u00adzeit garan\u00adtie\u00adren. Aber sie k\u00f6nnte bessere wirt\u00adschaft\u00adli\u00adche und poli\u00adti\u00adsche Bezie\u00adhun\u00adgen mit dem Westen anbie\u00adten \u2013 ohne Bedin\u00adgun\u00adgen zu stellen, die auf einen Regime\u00adwech\u00adsel hin\u00adaus\u00adlau\u00adfen. Aber sie muss ver\u00adlan\u00adgen, dass Luka\u00adshenka im Gegen\u00adzug die Zivil\u00adge\u00adsell\u00adschaft atmen l\u00e4sst. Demo\u00adkra\u00adtie w\u00e4chst von unten.&nbsp;Wir sollten Belarus nicht ins Abseits stellen. Es gibt dort viele, die sich als Euro\u00adp\u00e4er f\u00fchlen. Visa\u00adfrei\u00adheit und Ryanair w\u00e4ren wie Sau\u00ader\u00adstoff f\u00fcr diese Bewe\u00adgung. Auf nach Belarus: Es lohnt&nbsp;sich.<\/p>\n<p><em>Dieser Artikel erschien am 2.&nbsp;Sep\u00adtem\u00adber in gek\u00fcrz\u00adter Fassung <a href=\"https:\/\/www.faz.net\/2.1677\/nachbarland-warum-putin-jetzt-nach-weissrussland-greift-16363023.html\">in der Frank\u00adfur\u00adter All\u00adge\u00admei\u00adnen Zeitung<\/a> (Bezahl\u00adschranke). &nbsp;<\/em><\/p>\n<p><img class=\"alignnone wp-image-23921 size-full\" src=\"https:\/\/russlandverstehen.eu\/wp-content\/uploads\/textende.png\" alt=\"Textende\" width=\"40\" height=\"120\"><\/p>\n<p>[\/vc_column_text][vc_separator][vc_column_text]Hat Ihnen unser Beitrag gefal\u00adlen? Dann spenden Sie doch einfach und bequem \u00fcber unser Spen\u00adden\u00adtool. Sie unter\u00adst\u00fct\u00adzen damit die publi\u00adzis\u00adti\u00adsche Arbeit von&nbsp;LibMod.<\/p>\n<p>[\/vc_column_text][vc_column_text]<script type=\"text\/javascript\">\n\t(function() {\n\t\tvar u=\"https:\/\/spenden.twingle.de\/embed\/genericorganisation\/genericproject\/tw5aeafe12eb6cb\/widget\";\n\t\tvar id = '_' + Math.random().toString(36).substr(2, 9);\n\t\tvar d=document, g=d.createElement('script'), s=d.getElementsByTagName('script')[0];\n\t\tdocument.write('<div id=\"twingle-public-embed-' + id + '\"><\/div>');\n\t\tg.type='text\/javascript'; g.async=true; g.defer=true; g.src=u+'\/'+id; s.parentNode.insertBefore(g,s);\n\t})();\n<\/script>[\/vc_column_text][vc_column_text]Wir sind als gemein\u00adn\u00fct\u00adzig aner\u00adkannt, ent\u00adspre\u00adchend sind Spenden steu\u00ader\u00adlich absetz\u00adbar. F\u00fcr eine Spen\u00adden\u00adbe\u00adschei\u00adni\u00adgung (n\u00f6tig bei einem Betrag \u00fcber 200 EUR), senden Sie Ihre Adress\u00adda\u00adten bitte an <a href=\"mailto:finanzen@libmod.de\">finanzen@libmod.de<\/a><\/p>\n<p>&nbsp;<\/p>\n<p>[\/vc_column_text][\/vc_column][vc_column width=\u201e1\/3\u201c el_class=\u201edimmer\u201c][vc_empty_space height=\u201e130px\u201c][vc_column_text]<\/p>\n<h2>Ver\u00adwandte&nbsp;Themen<\/h2>\n<p>[\/vc_column_text][vc_basic_grid post_type=\u201epost\u201c max_items=\u201e3\u201c element_width=\u201e12\u201c item=\u201e24066\u201c grid_id=\u201evc_gid:1509971516430-d6edf243-a08c\u20115\u201c css=\u201c.vc_custom_1508761943581{background-color: #ffffff !important;}\u201c taxonomies=\u201e51\u201c][vc_row_inner css=\u201c.vc_custom_1508164629489{margin-top: 30px !important;margin-right: 0px !important;margin-left: 0px !important;background-color: #03d0b6 !important;}\u201c][vc_column_inner][vc_column_text css=\u201c.vc_custom_1508167210959{margin-top: \u201115px !important;}\u201c]<\/p>\n<h2><span style=\"color: #ffffff;\">News\u00adlet\u00adter&nbsp;bestellen<\/span><\/h2>\n<p>[\/vc_column_text][vc_column_text css=\u201c.vc_custom_1508166779270{margin-top: \u201110px !important;}\u201c]Mit dem LibMod-News\u00adlet\u00adter erhal\u00adten Sie regel\u00adm\u00e4\u00ad\u00dfig Neu\u00adig\u00adkei\u00adten zu unseren Themen in Ihr&nbsp;Postfach.<\/p>\n<p><script>(function() {\n\twindow.mc4wp = window.mc4wp || {\n\t\tlisteners: [],\n\t\tforms: {\n\t\t\ton: function(evt, cb) {\n\t\t\t\twindow.mc4wp.listeners.push(\n\t\t\t\t\t{\n\t\t\t\t\t\tevent   : evt,\n\t\t\t\t\t\tcallback: cb\n\t\t\t\t\t}\n\t\t\t\t);\n\t\t\t}\n\t\t}\n\t}\n})();\n<\/script><!-- Mailchimp for WordPress v4.12.2 - https:\/\/wordpress.org\/plugins\/mailchimp-for-wp\/ --><\/p><form id=\"mc4wp-form-1\" class=\"mc4wp-form mc4wp-form-24179 mc4wp-form-theme mc4wp-form-theme-light\" method=\"post\" data-id=\"24179\" data-name=\"LibMod Newsletter\"><div class=\"mc4wp-form-fields\"><p>\n    <label>Anrede<\/label>\n    <select name=\"ANREDE\" required>\n        <option value=\"Frau\" selected=\"true\">Frau<\/option>\n        <option value=\"Herr\">Herr<\/option>\n        <option value=\"X\">X<\/option>\n    <\/select>\n<\/p>\n<p>\n    <label>Insti\u00adtu\u00adtion<\/label>\n    <input name=\"MMERGE3\" type=\"text\">\n<\/p>\n<p>\n    <label>Nach\u00adname<\/label>\n    <input name=\"MMERGE2\" required type=\"text\">\n<\/p>\n<p>\n    <label>Vorname<\/label>\n    <input name=\"MMERGE1\" required type=\"text\">\n<\/p>\n<p>\n    <label>Kate\u00adgo\u00adrie<\/label>\n    <select name=\"KATEGORIE\" required>\n        <option value=\"Newsletter\" selected=\"true\">Newsletter<\/option>\n    <\/select>\n<\/p>\n<p><input type=\"email\" name=\"EMAIL\" placeholder=\"Ihre Mail-Addresse\" required>\n<\/p><p>Mit unseren <span style=\"color: #000000;\"><a style=\"color: #000000;\" href=\"https:\/\/libmod.de\/datenschutzerklaerung\/\" target=\"_blank\" rel=\"noopener\">Daten\u00adschutz\u00adbe\u00adstim\u00admun\u00adgen<\/a><\/span> erkl\u00e4\u00adren Sie sich einverstanden.<br>\n<input type=\"submit\" value=\"Absenden\"><\/p><\/div><label style=\"display: none !important;\">Wenn du ein Mensch bist, lasse das Feld&nbsp;leer:&nbsp;<input type=\"text\" name=\"_mc4wp_honeypot\" value tabindex=\"-1\" autocomplete=\"off\"><\/label><input type=\"hidden\" name=\"_mc4wp_timestamp\" value=\"1777503941\"><input type=\"hidden\" name=\"_mc4wp_form_id\" value=\"24179\"><input type=\"hidden\" name=\"_mc4wp_form_element_id\" value=\"mc4wp-form-1\"><div class=\"mc4wp-response\"><\/div><\/form><!-- \/ Mailchimp for WordPress Plugin -->[\/vc_column_text][\/vc_column_inner][\/vc_row_inner][\/vc_column][\/vc_row]\n<\/div>","protected":false},"excerpt":{"rendered":"<p>[vc_row][vc_column][vc_column_text][\/vc_column_text][\/vc_column][\/vc_row][vc_row css=\u201c.vc_custom_1508251598805{margin-top: 30px !important;}\u201c][vc_column width=\u201e2\/3\u201c css=\u201c.vc_custom_1508252250311{padding-right: 20px !important;}\u201c][vc_column_text] Will Wla\u00addi\u00admir Putin eine Anne\u00adxion von Belarus erzwin\u00adgen? Die wirt\u00adschaft\u00adli\u00adche Abh\u00e4n\u00adgig\u00adkeit des von Dik\u00adta\u00adtor&nbsp;Aljaksandr Luka\u00adshenka gef\u00fchr\u00adten Nach\u00adbar\u00adlan\u00addes spielt ihm in die&nbsp;Karten....<\/p>\n","protected":false},"author":6,"featured_media":39169,"comment_status":"closed","ping_status":"closed","sticky":false,"template":"","format":"standard","meta":{"_acf_changed":false,"wp_typography_post_enhancements_disabled":false,"footnotes":""},"categories":[20],"tags":[10091,149,30,150,8482],"class_list":["post-33591","post","type-post","status-publish","format-standard","has-post-thumbnail","category-analyse","tag-aljaksandr-lukaschenka","tag-belarus","tag-russland","tag-weissrussland","tag-wladimir-putin"],"acf":[],"yoast_head":"<!-- This site is optimized with the Yoast SEO Premium plugin v25.0 (Yoast SEO v27.5) - https:\/\/yoast.com\/product\/yoast-seo-premium-wordpress\/ -->\n<title>Belarus: Lukashenka in der Klemme<\/title>\n<meta name=\"description\" content=\"Will Wladimir Putin eine Annexion von Belarus erzwingen?\" \/>\n<meta name=\"robots\" content=\"index, follow, max-snippet:-1, max-image-preview:large, max-video-preview:-1\" \/>\n<link rel=\"canonical\" href=\"https:\/\/russlandverstehen.eu\/de\/belarus-lukashenka-in-der-klemme\/\" \/>\n<meta property=\"og:locale\" content=\"de_DE\" \/>\n<meta property=\"og:type\" content=\"article\" \/>\n<meta property=\"og:title\" content=\"Lukashenka in der Klemme\" \/>\n<meta property=\"og:description\" content=\"Will Wladimir Putin eine Annexion von Belarus erzwingen? Die wirtschaftliche Abh\u00e4ngigkeit des Nachbarlandes spielt ihm in die Karten.\" \/>\n<meta property=\"og:url\" content=\"https:\/\/russlandverstehen.eu\/de\/belarus-lukashenka-in-der-klemme\/\" \/>\n<meta property=\"og:site_name\" content=\"Russland verstehen\" \/>\n<meta property=\"article:publisher\" content=\"https:\/\/www.facebook.com\/LiberaleModerne\/\" \/>\n<meta property=\"article:published_time\" content=\"2019-09-03T12:34:20+00:00\" \/>\n<meta property=\"article:modified_time\" content=\"2020-08-17T18:16:58+00:00\" \/>\n<meta property=\"og:image\" content=\"https:\/\/russlandverstehen.eu\/wp-content\/uploads\/shutterstock_628807493-e1567517126621-thegem-blog-timeline-large-1.jpg\" \/>\n\t<meta property=\"og:image:width\" content=\"720\" \/>\n\t<meta property=\"og:image:height\" content=\"478\" \/>\n\t<meta property=\"og:image:type\" content=\"image\/jpeg\" \/>\n<meta name=\"author\" content=\"Marieluise Beck\" \/>\n<meta name=\"twitter:card\" content=\"summary_large_image\" \/>\n<meta name=\"twitter:title\" content=\"Lukashenka in der Klemme\" \/>\n<meta name=\"twitter:description\" content=\"Will Wladimir Putin eine Annexion von Belarus erzwingen? Die wirtschaftliche Abh\u00e4ngigkeit des Nachbarlandes spielt ihm in die Karten.\" \/>\n<meta name=\"twitter:creator\" content=\"@liberalemoderne\" \/>\n<meta name=\"twitter:site\" content=\"@liberalemoderne\" \/>\n<meta name=\"twitter:label1\" content=\"Verfasst von\" \/>\n\t<meta name=\"twitter:data1\" content=\"Marieluise Beck\" \/>\n\t<meta name=\"twitter:label2\" content=\"Gesch\u00e4tzte Lesezeit\" \/>\n\t<meta name=\"twitter:data2\" content=\"8\u00a0Minuten\" \/>\n<script type=\"application\/ld+json\" class=\"yoast-schema-graph\">{\"@context\":\"https:\\\/\\\/schema.org\",\"@graph\":[{\"@type\":\"Article\",\"@id\":\"https:\\\/\\\/russlandverstehen.eu\\\/de\\\/belarus-lukashenka-in-der-klemme\\\/#article\",\"isPartOf\":{\"@id\":\"https:\\\/\\\/russlandverstehen.eu\\\/de\\\/belarus-lukashenka-in-der-klemme\\\/\"},\"author\":{\"name\":\"Marieluise Beck\",\"@id\":\"\\\/#\\\/schema\\\/person\\\/c3442e42efb79feb9ba6e1e943a61173\"},\"headline\":\"Luka\u00adshenka in der&nbsp;Klemme\",\"datePublished\":\"2019-09-03T12:34:20+00:00\",\"dateModified\":\"2020-08-17T18:16:58+00:00\",\"mainEntityOfPage\":{\"@id\":\"https:\\\/\\\/russlandverstehen.eu\\\/de\\\/belarus-lukashenka-in-der-klemme\\\/\"},\"wordCount\":1697,\"publisher\":{\"@id\":\"\\\/#organization\"},\"image\":{\"@id\":\"https:\\\/\\\/russlandverstehen.eu\\\/de\\\/belarus-lukashenka-in-der-klemme\\\/#primaryimage\"},\"thumbnailUrl\":\"https:\\\/\\\/russlandverstehen.eu\\\/wp-content\\\/uploads\\\/shutterstock_628807493-e1567517126621-thegem-blog-timeline-large-1.jpg\",\"keywords\":[\"Aljaksandr Lukaschenka\",\"Belarus\",\"Russland\",\"Wei\u00dfrussland\",\"Wladimir Putin\"],\"articleSection\":[\"Analyse&emsp;\"],\"inLanguage\":\"de\"},{\"@type\":\"WebPage\",\"@id\":\"https:\\\/\\\/russlandverstehen.eu\\\/de\\\/belarus-lukashenka-in-der-klemme\\\/\",\"url\":\"https:\\\/\\\/russlandverstehen.eu\\\/de\\\/belarus-lukashenka-in-der-klemme\\\/\",\"name\":\"Belarus: Lukashenka in der Klemme\",\"isPartOf\":{\"@id\":\"\\\/#website\"},\"primaryImageOfPage\":{\"@id\":\"https:\\\/\\\/russlandverstehen.eu\\\/de\\\/belarus-lukashenka-in-der-klemme\\\/#primaryimage\"},\"image\":{\"@id\":\"https:\\\/\\\/russlandverstehen.eu\\\/de\\\/belarus-lukashenka-in-der-klemme\\\/#primaryimage\"},\"thumbnailUrl\":\"https:\\\/\\\/russlandverstehen.eu\\\/wp-content\\\/uploads\\\/shutterstock_628807493-e1567517126621-thegem-blog-timeline-large-1.jpg\",\"datePublished\":\"2019-09-03T12:34:20+00:00\",\"dateModified\":\"2020-08-17T18:16:58+00:00\",\"description\":\"Will Wladimir Putin eine Annexion von Belarus erzwingen?\",\"breadcrumb\":{\"@id\":\"https:\\\/\\\/russlandverstehen.eu\\\/de\\\/belarus-lukashenka-in-der-klemme\\\/#breadcrumb\"},\"inLanguage\":\"de\",\"potentialAction\":[{\"@type\":\"ReadAction\",\"target\":[\"https:\\\/\\\/russlandverstehen.eu\\\/de\\\/belarus-lukashenka-in-der-klemme\\\/\"]}]},{\"@type\":\"ImageObject\",\"inLanguage\":\"de\",\"@id\":\"https:\\\/\\\/russlandverstehen.eu\\\/de\\\/belarus-lukashenka-in-der-klemme\\\/#primaryimage\",\"url\":\"https:\\\/\\\/russlandverstehen.eu\\\/wp-content\\\/uploads\\\/shutterstock_628807493-e1567517126621-thegem-blog-timeline-large-1.jpg\",\"contentUrl\":\"https:\\\/\\\/russlandverstehen.eu\\\/wp-content\\\/uploads\\\/shutterstock_628807493-e1567517126621-thegem-blog-timeline-large-1.jpg\",\"width\":720,\"height\":478,\"caption\":\"\u00a9 Shutterstock\"},{\"@type\":\"BreadcrumbList\",\"@id\":\"https:\\\/\\\/russlandverstehen.eu\\\/de\\\/belarus-lukashenka-in-der-klemme\\\/#breadcrumb\",\"itemListElement\":[{\"@type\":\"ListItem\",\"position\":1,\"name\":\"Startseite\",\"item\":\"https:\\\/\\\/russlandverstehen.eu\\\/de\\\/\"},{\"@type\":\"ListItem\",\"position\":2,\"name\":\"Luka\u00adshenka in der&nbsp;Klemme\"}]},{\"@type\":\"WebSite\",\"@id\":\"\\\/#website\",\"url\":\"\\\/\",\"name\":\"Russland verstehen\",\"description\":\"Zentrum Liberale Moderne\",\"publisher\":{\"@id\":\"\\\/#organization\"},\"potentialAction\":[{\"@type\":\"SearchAction\",\"target\":{\"@type\":\"EntryPoint\",\"urlTemplate\":\"\\\/?s={search_term_string}\"},\"query-input\":{\"@type\":\"PropertyValueSpecification\",\"valueRequired\":true,\"valueName\":\"search_term_string\"}}],\"inLanguage\":\"de\"},{\"@type\":\"Organization\",\"@id\":\"\\\/#organization\",\"name\":\"Russland verstehen\",\"url\":\"\\\/\",\"logo\":{\"@type\":\"ImageObject\",\"inLanguage\":\"de\",\"@id\":\"\\\/#\\\/schema\\\/logo\\\/image\\\/\",\"url\":\"\",\"contentUrl\":\"\",\"caption\":\"Russland verstehen\"},\"image\":{\"@id\":\"\\\/#\\\/schema\\\/logo\\\/image\\\/\"},\"sameAs\":[\"https:\\\/\\\/www.facebook.com\\\/LiberaleModerne\\\/\",\"https:\\\/\\\/x.com\\\/liberalemoderne\"]},{\"@type\":\"Person\",\"@id\":\"\\\/#\\\/schema\\\/person\\\/c3442e42efb79feb9ba6e1e943a61173\",\"name\":\"Marieluise Beck\",\"image\":{\"@type\":\"ImageObject\",\"inLanguage\":\"de\",\"@id\":\"https:\\\/\\\/russlandverstehen.eu\\\/wp-content\\\/uploads\\\/User-150x150.png\",\"url\":\"https:\\\/\\\/russlandverstehen.eu\\\/wp-content\\\/uploads\\\/User-150x150.png\",\"contentUrl\":\"https:\\\/\\\/russlandverstehen.eu\\\/wp-content\\\/uploads\\\/User-150x150.png\",\"caption\":\"Marieluise Beck\"},\"description\":\"Marieluise Beck ist Senior Fellow am Zentrum Liberale Moderne. Sie war 1983 Spre\u00adche\u00adrin der ersten gr\u00fcnen Bun\u00addes\u00adtags\u00adfrak\u00adtion, von 1983 bis 2017 Mit\u00adglied des Bun\u00addes\u00adta\u00adges und seit 2005 Mit\u00adglied des Aus\u00adw\u00e4r\u00adti\u00adgen Aus\u00adschus\u00adses. In der rot-gr\u00fcnen Bun\u00addes\u00adre\u00adgie\u00adrung hatte sie das Amt der Migra\u00adti\u00adons\u00adbe\u00adauf\u00adtrag\u00adten inne und war par\u00adla\u00admen\u00adta\u00adri\u00adsche Staats\u00adse\u00adkre\u00adt\u00e4\u00adrin im Bun\u00addes\u00adfa\u00admi\u00adli\u00aden\u00admi\u00adnis\u00adte\u00adrium. Au\u00dfer\u00addem war sie Mit\u00adglied der Par\u00adla\u00admen\u00adta\u00adri\u00adschen Ver\u00adsamm\u00adlung des Euro\u00adpa\u00adra\u00adtes. Dort schloss sie sich der Frak\u00adtion \u201eAllianz der Libe\u00adra\u00adlen und Demo\u00adkra\u00adten f\u00fcr Europa\u201c (ALDE) an. Sie war Vor\u00adstandsmitglied des Peters\u00adbur\u00adger Dialogs. W\u00e4hrend des ser\u00adbisch-bos\u00adni\u00adschen Krieges gr\u00fcn\u00addete sie das Hilfs\u00adwerk \u201eBr\u00fccke der Hoff\u00adnung\u201c, das inzwi\u00adschen \u00fcber 10 Mil\u00adlio\u00adnen Euro f\u00fcr huma\u00adni\u00adt\u00e4re Pro\u00adjekte umge\u00adsetzt hat.\",\"url\":\"https:\\\/\\\/russlandverstehen.eu\\\/de\\\/author\\\/zlm_marieluise_beck\\\/\"}]}<\/script>\n<!-- \/ Yoast SEO Premium plugin. -->","yoast_head_json":{"title":"Belarus: Lukashenka in der Klemme","description":"Will Wladimir Putin eine Annexion von Belarus erzwingen?","robots":{"index":"index","follow":"follow","max-snippet":"max-snippet:-1","max-image-preview":"max-image-preview:large","max-video-preview":"max-video-preview:-1"},"canonical":"https:\/\/russlandverstehen.eu\/de\/belarus-lukashenka-in-der-klemme\/","og_locale":"de_DE","og_type":"article","og_title":"Lukashenka in der Klemme","og_description":"Will Wladimir Putin eine Annexion von Belarus erzwingen? Die wirtschaftliche Abh\u00e4ngigkeit des Nachbarlandes spielt ihm in die Karten.","og_url":"https:\/\/russlandverstehen.eu\/de\/belarus-lukashenka-in-der-klemme\/","og_site_name":"Russland verstehen","article_publisher":"https:\/\/www.facebook.com\/LiberaleModerne\/","article_published_time":"2019-09-03T12:34:20+00:00","article_modified_time":"2020-08-17T18:16:58+00:00","og_image":[{"width":720,"height":478,"url":"https:\/\/russlandverstehen.eu\/wp-content\/uploads\/shutterstock_628807493-e1567517126621-thegem-blog-timeline-large-1.jpg","type":"image\/jpeg"}],"author":"Marieluise Beck","twitter_card":"summary_large_image","twitter_title":"Lukashenka in der Klemme","twitter_description":"Will Wladimir Putin eine Annexion von Belarus erzwingen? Die wirtschaftliche Abh\u00e4ngigkeit des Nachbarlandes spielt ihm in die Karten.","twitter_creator":"@liberalemoderne","twitter_site":"@liberalemoderne","twitter_misc":{"Verfasst von":"Marieluise Beck","Gesch\u00e4tzte Lesezeit":"8\u00a0Minuten"},"schema":{"@context":"https:\/\/schema.org","@graph":[{"@type":"Article","@id":"https:\/\/russlandverstehen.eu\/de\/belarus-lukashenka-in-der-klemme\/#article","isPartOf":{"@id":"https:\/\/russlandverstehen.eu\/de\/belarus-lukashenka-in-der-klemme\/"},"author":{"name":"Marieluise Beck","@id":"\/#\/schema\/person\/c3442e42efb79feb9ba6e1e943a61173"},"headline":"Luka\u00adshenka in der&nbsp;Klemme","datePublished":"2019-09-03T12:34:20+00:00","dateModified":"2020-08-17T18:16:58+00:00","mainEntityOfPage":{"@id":"https:\/\/russlandverstehen.eu\/de\/belarus-lukashenka-in-der-klemme\/"},"wordCount":1697,"publisher":{"@id":"\/#organization"},"image":{"@id":"https:\/\/russlandverstehen.eu\/de\/belarus-lukashenka-in-der-klemme\/#primaryimage"},"thumbnailUrl":"https:\/\/russlandverstehen.eu\/wp-content\/uploads\/shutterstock_628807493-e1567517126621-thegem-blog-timeline-large-1.jpg","keywords":["Aljaksandr Lukaschenka","Belarus","Russland","Wei\u00dfrussland","Wladimir Putin"],"articleSection":["Analyse&emsp;"],"inLanguage":"de"},{"@type":"WebPage","@id":"https:\/\/russlandverstehen.eu\/de\/belarus-lukashenka-in-der-klemme\/","url":"https:\/\/russlandverstehen.eu\/de\/belarus-lukashenka-in-der-klemme\/","name":"Belarus: Lukashenka in der Klemme","isPartOf":{"@id":"\/#website"},"primaryImageOfPage":{"@id":"https:\/\/russlandverstehen.eu\/de\/belarus-lukashenka-in-der-klemme\/#primaryimage"},"image":{"@id":"https:\/\/russlandverstehen.eu\/de\/belarus-lukashenka-in-der-klemme\/#primaryimage"},"thumbnailUrl":"https:\/\/russlandverstehen.eu\/wp-content\/uploads\/shutterstock_628807493-e1567517126621-thegem-blog-timeline-large-1.jpg","datePublished":"2019-09-03T12:34:20+00:00","dateModified":"2020-08-17T18:16:58+00:00","description":"Will Wladimir Putin eine Annexion von Belarus erzwingen?","breadcrumb":{"@id":"https:\/\/russlandverstehen.eu\/de\/belarus-lukashenka-in-der-klemme\/#breadcrumb"},"inLanguage":"de","potentialAction":[{"@type":"ReadAction","target":["https:\/\/russlandverstehen.eu\/de\/belarus-lukashenka-in-der-klemme\/"]}]},{"@type":"ImageObject","inLanguage":"de","@id":"https:\/\/russlandverstehen.eu\/de\/belarus-lukashenka-in-der-klemme\/#primaryimage","url":"https:\/\/russlandverstehen.eu\/wp-content\/uploads\/shutterstock_628807493-e1567517126621-thegem-blog-timeline-large-1.jpg","contentUrl":"https:\/\/russlandverstehen.eu\/wp-content\/uploads\/shutterstock_628807493-e1567517126621-thegem-blog-timeline-large-1.jpg","width":720,"height":478,"caption":"\u00a9 Shutterstock"},{"@type":"BreadcrumbList","@id":"https:\/\/russlandverstehen.eu\/de\/belarus-lukashenka-in-der-klemme\/#breadcrumb","itemListElement":[{"@type":"ListItem","position":1,"name":"Startseite","item":"https:\/\/russlandverstehen.eu\/de\/"},{"@type":"ListItem","position":2,"name":"Luka\u00adshenka in der&nbsp;Klemme"}]},{"@type":"WebSite","@id":"\/#website","url":"\/","name":"Russland verstehen","description":"Zentrum Liberale Moderne","publisher":{"@id":"\/#organization"},"potentialAction":[{"@type":"SearchAction","target":{"@type":"EntryPoint","urlTemplate":"\/?s={search_term_string}"},"query-input":{"@type":"PropertyValueSpecification","valueRequired":true,"valueName":"search_term_string"}}],"inLanguage":"de"},{"@type":"Organization","@id":"\/#organization","name":"Russland verstehen","url":"\/","logo":{"@type":"ImageObject","inLanguage":"de","@id":"\/#\/schema\/logo\/image\/","url":"","contentUrl":"","caption":"Russland verstehen"},"image":{"@id":"\/#\/schema\/logo\/image\/"},"sameAs":["https:\/\/www.facebook.com\/LiberaleModerne\/","https:\/\/x.com\/liberalemoderne"]},{"@type":"Person","@id":"\/#\/schema\/person\/c3442e42efb79feb9ba6e1e943a61173","name":"Marieluise Beck","image":{"@type":"ImageObject","inLanguage":"de","@id":"https:\/\/russlandverstehen.eu\/wp-content\/uploads\/User-150x150.png","url":"https:\/\/russlandverstehen.eu\/wp-content\/uploads\/User-150x150.png","contentUrl":"https:\/\/russlandverstehen.eu\/wp-content\/uploads\/User-150x150.png","caption":"Marieluise Beck"},"description":"Marieluise Beck ist Senior Fellow am Zentrum Liberale Moderne. Sie war 1983 Spre\u00adche\u00adrin der ersten gr\u00fcnen Bun\u00addes\u00adtags\u00adfrak\u00adtion, von 1983 bis 2017 Mit\u00adglied des Bun\u00addes\u00adta\u00adges und seit 2005 Mit\u00adglied des Aus\u00adw\u00e4r\u00adti\u00adgen Aus\u00adschus\u00adses. In der rot-gr\u00fcnen Bun\u00addes\u00adre\u00adgie\u00adrung hatte sie das Amt der Migra\u00adti\u00adons\u00adbe\u00adauf\u00adtrag\u00adten inne und war par\u00adla\u00admen\u00adta\u00adri\u00adsche Staats\u00adse\u00adkre\u00adt\u00e4\u00adrin im Bun\u00addes\u00adfa\u00admi\u00adli\u00aden\u00admi\u00adnis\u00adte\u00adrium. Au\u00dfer\u00addem war sie Mit\u00adglied der Par\u00adla\u00admen\u00adta\u00adri\u00adschen Ver\u00adsamm\u00adlung des Euro\u00adpa\u00adra\u00adtes. Dort schloss sie sich der Frak\u00adtion \u201eAllianz der Libe\u00adra\u00adlen und Demo\u00adkra\u00adten f\u00fcr Europa\u201c (ALDE) an. Sie war Vor\u00adstandsmitglied des Peters\u00adbur\u00adger Dialogs. W\u00e4hrend des ser\u00adbisch-bos\u00adni\u00adschen Krieges gr\u00fcn\u00addete sie das Hilfs\u00adwerk \u201eBr\u00fccke der Hoff\u00adnung\u201c, das inzwi\u00adschen \u00fcber 10 Mil\u00adlio\u00adnen Euro f\u00fcr huma\u00adni\u00adt\u00e4re Pro\u00adjekte umge\u00adsetzt hat.","url":"https:\/\/russlandverstehen.eu\/de\/author\/zlm_marieluise_beck\/"}]}},"jetpack_featured_media_url":"https:\/\/russlandverstehen.eu\/wp-content\/uploads\/shutterstock_628807493-e1567517126621-thegem-blog-timeline-large-1.jpg","menu_order":231,"_links":{"self":[{"href":"https:\/\/russlandverstehen.eu\/de\/wp-json\/wp\/v2\/posts\/33591","targetHints":{"allow":["GET"]}}],"collection":[{"href":"https:\/\/russlandverstehen.eu\/de\/wp-json\/wp\/v2\/posts"}],"about":[{"href":"https:\/\/russlandverstehen.eu\/de\/wp-json\/wp\/v2\/types\/post"}],"author":[{"embeddable":true,"href":"https:\/\/russlandverstehen.eu\/de\/wp-json\/wp\/v2\/users\/6"}],"replies":[{"embeddable":true,"href":"https:\/\/russlandverstehen.eu\/de\/wp-json\/wp\/v2\/comments?post=33591"}],"version-history":[{"count":1,"href":"https:\/\/russlandverstehen.eu\/de\/wp-json\/wp\/v2\/posts\/33591\/revisions"}],"predecessor-version":[{"id":35911,"href":"https:\/\/russlandverstehen.eu\/de\/wp-json\/wp\/v2\/posts\/33591\/revisions\/35911"}],"wp:featuredmedia":[{"embeddable":true,"href":"https:\/\/russlandverstehen.eu\/de\/wp-json\/wp\/v2\/media\/39169"}],"wp:attachment":[{"href":"https:\/\/russlandverstehen.eu\/de\/wp-json\/wp\/v2\/media?parent=33591"}],"wp:term":[{"taxonomy":"category","embeddable":true,"href":"https:\/\/russlandverstehen.eu\/de\/wp-json\/wp\/v2\/categories?post=33591"},{"taxonomy":"post_tag","embeddable":true,"href":"https:\/\/russlandverstehen.eu\/de\/wp-json\/wp\/v2\/tags?post=33591"}],"curies":[{"name":"wp","href":"https:\/\/api.w.org\/{rel}","templated":true}]}}