{"id":42054,"date":"2022-06-09T10:41:04","date_gmt":"2022-06-09T08:41:04","guid":{"rendered":"https:\/\/russlandverstehen.eu\/?p=42054"},"modified":"2022-09-07T22:38:12","modified_gmt":"2022-09-07T20:38:12","slug":"russischer-imperialismus-fuecks-vorlesung-uni-kassel","status":"publish","type":"post","link":"https:\/\/russlandverstehen.eu\/de\/russischer-imperialismus-fuecks-vorlesung-uni-kassel\/","title":{"rendered":"Die langen Linien des rus\u00adsi\u00adschen Imperialismus"},"content":{"rendered":"<div class=\"wpb-content-wrapper\"><p>[vc_row][vc_column][vc_column_text]<img class=\"alignnone wp-image-42060 size-full\" src=\"https:\/\/russlandverstehen.eu\/wp-content\/uploads\/Zar-Buch-1200x500-1.jpg\" alt width=\"1200\" height=\"500\" srcset=\"https:\/\/russlandverstehen.eu\/wp-content\/uploads\/Zar-Buch-1200x500-1.jpg 1200w, https:\/\/russlandverstehen.eu\/wp-content\/uploads\/Zar-Buch-1200x500-1-770x321.jpg 770w, https:\/\/russlandverstehen.eu\/wp-content\/uploads\/Zar-Buch-1200x500-1-768x320.jpg 768w\" sizes=\"(max-width: 1200px) 100vw, 1200px\"><\/p>\n<p>[\/vc_column_text][\/vc_column][\/vc_row][vc_row css=\u201c.vc_custom_1508251598805{margin-top: 30px !important;}\u201c][vc_column width=\u201e2\/3\u201c css=\u201c.vc_custom_1508252250311{padding-right: 20px !important;}\u201c][vc_column_text]<\/p>\n<h3>Der \u00dcber\u00adfall auf die Ukraine hat den Blick auf Russ\u00adland ver\u00ad\u00e4n\u00addert. Fast \u00fcber Nacht werden die langen Linien des rus\u00adsi\u00adschen Impe\u00adria\u00adlis\u00admus sicht\u00adbar \u2013 und mit ihnen die Zen\u00adtral\u00adstel\u00adlung der Ukraine als Kron\u00adju\u00adwel des rus\u00adsi\u00adschen&nbsp;Imperiums.<\/h3>\n<p><!--more--><\/p>\n<p>Von den langen Linien des rus\u00adsi\u00adschen Impe\u00adria\u00adlis\u00admus zu spre\u00adchen, mar\u00adkiert einen Per\u00adspek\u00adti\u00adven\u00adwech\u00adsel in der neueren deut\u00adschen Debatte. Wenn bislang von Impe\u00adria\u00adlis\u00admus die Rede war, galt dieser Begriff fast aus\u00adschlie\u00df\u00adlich den west\u00adli\u00adchen M\u00e4chten, die sich seit dem 16. Jahr\u00adhun\u00addert weite Teile des Globus unter\u00adtan gemacht hatten. Die Kolo\u00adni\u00adsie\u00adrung Nord- und S\u00fcd\u00adame\u00adri\u00adkas, Asiens und Afrikas mar\u00adkierte die erste Phase dieser impe\u00adria\u00adlen Expan\u00adsion. Sie wurde nach dem 2. Welt\u00adkrieg abge\u00adl\u00f6st durch eine neue Form wirt\u00adschaft\u00adli\u00adcher und mili\u00adt\u00e4\u00adri\u00adscher Domi\u00adnanz, die vor allem von den USA repr\u00e4\u00adsen\u00adtiert wurde. Impe\u00adriale Vor\u00adherr\u00adschaft l\u00f6ste sich vom klas\u00adsi\u00adschen Kolonialsystem.&nbsp;<\/p><div class=\"libmod-author-box\"><p><img src=\"https:\/\/russlandverstehen.eu\/wp-content\/uploads\/Ralf-Fuecks_rund.png\" alt=\"Portrait von Ralf F\u00fccks\"><\/p>\n<p><a href=\"https:\/\/russlandverstehen.eu\/author\/ralf_fuecks\/\">Ralf F\u00fccks<\/a> ist gesch\u00e4fts\u00adf\u00fch\u00adren\u00adder Gesell\u00adschaf\u00adter des Zen\u00adtrums Libe\u00adrale&nbsp;Moderne.<\/p><\/div>\n<p>In der Stu\u00adden\u00adten\u00adbe\u00adwe\u00adgung und der poli\u00adti\u00adschen Linken war \u201eImpe\u00adria\u00adlis\u00admus\u201c weit\u00adge\u00adhend synonym mit \u201eUS-Impe\u00adria\u00adlis\u00admus\u201c, w\u00e4hrend die Sowjet\u00adunion sich als \u201eanti\u00adim\u00adpe\u00adria\u00adlis\u00adti\u00adsche Macht\u201c in Szene setzte und natio\u00adnale Befrei\u00adungs\u00adbe\u00adwe\u00adgun\u00adgen im glo\u00adba\u00adlen S\u00fcden unter\u00adst\u00fctzte. Dass die UdSSR zugleich alle Frei\u00adheits- und Unab\u00adh\u00e4n\u00adgig\u00adkeits\u00adbe\u00adwe\u00adgun\u00adgen im eigenen Macht\u00adbe\u00adreich nie\u00adder\u00adschlug, wurde merk\u00adw\u00fcr\u00addi\u00adger\u00adweise nicht als kom\u00adple\u00admen\u00adt\u00e4re Form impe\u00adria\u00adler Herr\u00adschaft wahrgenommen.<\/p>\n<p>Impe\u00adrien im Sinne von macht\u00advol\u00adlen, ter\u00adri\u00adto\u00adrial weit \u00fcber die Zen\u00adtral\u00admacht hinaus aus\u00adge\u00addehn\u00adten Reichen gab es bereits in fr\u00fc\u00adhe\u00adren geschicht\u00adli\u00adchen Peri\u00adoden. Auch sie beruh\u00adten auf mili\u00adt\u00e4\u00adri\u00adscher Erobe\u00adrungs\u00adpo\u00adli\u00adtik und zen\u00adtra\u00adli\u00adsier\u00adter Herr\u00adschaft. Aber \u201eImpe\u00adria\u00adlis\u00admus\u201c ist eine Kate\u00adgo\u00adrie der Neuzeit. Kolo\u00adni\u00adal\u00adpo\u00adli\u00adtik ist eine Form des Impe\u00adria\u00adlis\u00admus, aber der Impe\u00adria\u00adlis\u00admus als expan\u00adsive Form poli\u00adti\u00adscher und \u00f6ko\u00adno\u00admi\u00adscher Herr\u00adschaft endete nicht mit der Deko\u00adlo\u00adnia\u00adli\u00adsie\u00adrung, die nach dem 2. Welt\u00adkrieg&nbsp;einsetzte.<\/p>\n<h2>Der \u00dcber\u00adfall auf die Ukraine hat den Blick auf Russ\u00adland&nbsp;ver\u00e4ndert<\/h2>\n<p>Putins Ukraine-Obses\u00adsion ist keine per\u00ads\u00f6n\u00adli\u00adche Marotte. Die Ukraine war \u00fcber Jahr\u00adhun\u00adderte das Objekt rus\u00adsi\u00adscher Begierde \u2013 als his\u00adto\u00adri\u00adscher Aus\u00adgangs\u00adpunkt rus\u00adsi\u00adscher Staats\u00adwer\u00addung, als Korn\u00adkam\u00admer, Tor zu Mit\u00adtel\u00adeu\u00adropa und sp\u00e4ter auch als indus\u00adtri\u00adelle Herz\u00adkam\u00admer der Sowjetunion.<\/p>\n<p>Auch unter Stalin war die Herr\u00adschaft \u00fcber die Ukraine ein zen\u00adtra\u00adler Impe\u00adra\u00adtiv sowje\u00adti\u00adscher Macht\u00adsi\u00adche\u00adrung. So l\u00f6ste der sowje\u00adti\u00adsche Dik\u00adta\u00adtor mittels erh\u00f6h\u00adter Getrei\u00adde\u00adbe\u00adschaf\u00adfungs\u00adan\u00adord\u00adnun\u00adgen 1932\u201333 die als <a href=\"https:\/\/ukraineverstehen.de\/plokhii-holodomor-geschichte-und-bedeutung\/\">Holo\u00addo\u00admor<\/a> bekannt gewor\u00addene Hun\u00adgers\u00adnot aus, um dem \u201eukrai\u00adni\u00adschen Natio\u00adna\u00adlis\u00admus\u201c das R\u00fcck\u00adgrat zu&nbsp;brechen.<\/p>\n<p>Auch im 2. Welt\u00adkrieg war die Ukraine ein zen\u00adtra\u00adler Schau\u00adplatz des Kampfs zwi\u00adschen dem Deut\u00adschen Reich und der UdSSR. Hitler wollte die Ukraine als Brot\u00adkorb, Sied\u00adlungs\u00adraum und Rekru\u00adtie\u00adrungs\u00adfeld f\u00fcr sla\u00adwi\u00adsche Zwangs\u00adar\u00adbei\u00adter, Stalin brauchte die Ukraine als west\u00adli\u00adches Vorfeld der Sowjetunion.<\/p>\n<p>Putins geschichts\u00adpo\u00adli\u00adti\u00adscher Traktat vom Juli 2021 mit dem Titel \u201e\u00dcber die his\u00adto\u00adri\u00adsche Einheit der Russen und Ukrai\u00adner\u201c war bereits die Ank\u00fcn\u00addi\u00adgung dessen, was kommen w\u00fcrde. Im Kern bestrei\u00adtet er darin die Exis\u00adtenz\u00adbe\u00adrech\u00adti\u00adgung der Ukraine als eigen\u00adst\u00e4n\u00addige Nation. Der Text ist eine unver\u00adh\u00fcllte Drohung, dass der Kreml nicht dulden wird, dass die Ukraine sich aus dem rus\u00adsi\u00adschen Orbit ent\u00adfernt und Teil der west\u00adli\u00adchen Welt wird. Es gab schon damals gen\u00fc\u00adgend Stimmen, die das als ideo\u00adlo\u00adgi\u00adsche Kriegs\u00advor\u00adbe\u00adrei\u00adtung ver\u00adstan\u00adden \u2013 dum\u00admer\u00adweise wollte sie in Berlin und anderen west\u00adli\u00adchen Haupt\u00adst\u00e4d\u00adten niemand&nbsp;h\u00f6ren.<\/p>\n<h2><strong><br>\nI&nbsp;Russ\u00adlands kolo\u00adniale Geschichte<a href=\"#_ftn1\" name=\"_ftnref1\">[1]<\/a><\/strong><\/h2>\n<p>Russ\u00adlands kolo\u00adniale Geschichte war alles andere als \u201efried\u00adlich\u201c und \u201eein\u00adver\u00adnehm\u00adlich\u201c, wie gern von rus\u00adsi\u00adschen His\u00adto\u00adri\u00adkern behaup\u00adtet wird. Das war sie ganz und gar nicht. Sie war nicht weniger krie\u00adge\u00adrisch und grausam als die kolo\u00adniale Expan\u00adsion der euro\u00adp\u00e4i\u00adschen M\u00e4chte. Dennoch gibt es signi\u00adfi\u00adkante Unter\u00adschiede. Dies wird deut\u00adlich, wenn wir die drei Epochen der Kolo\u00adni\u00adsie\u00adrung&nbsp;betrachten.<\/p>\n<p>Die erste Epoche erstreckte sich \u00fcber das 11. bis 14. Jahr\u00adhun\u00addert. Zwi\u00adschen 1000 und 1150 n. Chr. gr\u00fcn\u00adde\u00adten junge F\u00fcrsten der Kiewer Rus\u2018 die St\u00e4dte, die sp\u00e4ter zu den Anker\u00adpunk\u00adten rus\u00adsi\u00adscher Staats\u00adbil\u00addung wurden \u2013 dar\u00adun\u00adter auch Moskau. His\u00adto\u00adrisch ist Moskau eine Kiewer Kolonie. Diese Ableger wurden m\u00e4ch\u00adti\u00adger, als die Kiewer Metro\u00adpole auf\u00adgrund von dynas\u00adti\u00adschen Strei\u00adtig\u00adkei\u00adten unter\u00adging. In den Jahren um 1230 war dieser Teil des sp\u00e4\u00adte\u00adren Russ\u00adland bereits gr\u00f6\u00dfer als jeder andere euro\u00adp\u00e4i\u00adsche Staat mit Aus\u00adnahme des Hei\u00adli\u00adgen R\u00f6mi\u00adschen&nbsp;Reiches.<\/p>\n<p>Um 1240 gerie\u00adten die ost\u00adsla\u00adwi\u00adschen F\u00fcrs\u00adten\u00adt\u00fc\u00admer unter die Herr\u00adschaft der Mon\u00adgo\u00adlen. Das Gro\u00df\u00adf\u00fcrs\u00adten\u00adtum Moskau wurde zum Nukleus einer neuen Staat\u00adlich\u00adkeit, ver\u00adei\u00adnigte im 14.\/15. Jahr\u00adhun\u00addert die \u00fcbrigen Teil\u00adf\u00fcrs\u00adten\u00adt\u00fc\u00admer unter seiner F\u00fchrung und konnte sich 1480 von der Mon\u00adgo\u00adlen\u00adherr\u00adschaft befreien. Damit begann eine neue Phase kolo\u00adnia\u00adler&nbsp;Expansion.<\/p>\n<p>Als die Euro\u00adp\u00e4er zu Beginn des 16. Jahr\u00adhun\u00adderts ihre Expe\u00addi\u00adtio\u00adnen nach \u00dcbersee began\u00adnen, setzten die Mos\u00adko\u00adwi\u00adter ihre Erobe\u00adrun\u00adgen nach Norden und Osten fort. Bis 1610 waren bis zum Fluss Jenis\u00adsej in Sibi\u00adrien vor\u00adge\u00addrun\u00adgen, und Mitte des 17. Jahr\u00adhun\u00adderts n\u00e4her\u00adten sie sich der Grenze zu China. 1689 hatten sie den gesam\u00adten Nord\u00ados\u00adten Eura\u00adsi\u00adens bis zur Bering\u00adstra\u00dfe&nbsp;erobert.<\/p>\n<p>Die ersten sibi\u00adri\u00adschen St\u00e4dte wurden fast zeit\u00adgleich mit der bri\u00adti\u00adschen Kolo\u00adni\u00adsie\u00adrung Nord\u00adame\u00adri\u00adkas gegr\u00fcn\u00addet: Tomsk (1604) und Kras\u00adno\u00adjarsk (1628) ent\u00adstan\u00adden par\u00adal\u00adlel zu Jame\u00ads\u00adtown (1607), New York (1624) und Boston (1630). Rus\u00adsisch-Sibi\u00adrien war die gleiche Art von Sied\u00adler\u00adko\u00adlo\u00adnie wie Neu\u00adeng\u00adland, Qu\u00e9bec, Aus\u00adtra\u00adlien und Neu\u00adsee\u00adland, alles Gebiete, die wir als Aus\u00adgr\u00fcn\u00addun\u00adgen ihrer Mut\u00adter\u00adl\u00e4n\u00adder bezeich\u00adnen k\u00f6nnten, da die Kolo\u00adnis\u00adten die ein\u00adhei\u00admi\u00adsche Bev\u00f6l\u00adke\u00adrung zah\u00adlen\u00adm\u00e4\u00ad\u00dfig weit \u00fcber\u00adtra\u00adfen. Ein gro\u00dfer Teil der indi\u00adge\u00adnen Bev\u00f6l\u00adke\u00adrung wurde hier wie dort aus\u00adge\u00adrot\u00adtet; wenn ein lokaler Stamm rebel\u00adlierte, t\u00f6teten die rus\u00adsi\u00adschen Kolo\u00adni\u00adal\u00adtrup\u00adpen bis zur H\u00e4lfte der Bev\u00f6lkerung.<\/p>\n<p>Gemes\u00adsen an seiner ter\u00adri\u00adto\u00adria\u00adlen Gr\u00f6\u00dfe und his\u00adto\u00adri\u00adschen Dauer war das Rus\u00adsi\u00adsche Reich das erfolg\u00adreichste aller his\u00adto\u00adri\u00adschen Impe\u00adrien. Auf seinem H\u00f6he\u00adpunkt erstreckte es sich \u00fcber ein Sechs\u00adtel der Land\u00admasse der Erde. In den Grenzen des Zaren\u00adreichs wurden \u00fcber 130 Spra\u00adchen gespro\u00adchen und an unter\u00adschied\u00adli\u00adche G\u00f6tter gebetet: Chris\u00adten unter\u00adschied\u00adli\u00adcher Kon\u00adfes\u00adsio\u00adnen (mit der Ortho\u00addo\u00adxie als Staats\u00adkir\u00adche), Muslime, Bud\u00addhis\u00adten, Juden (Ende des 19. Jahr\u00adhun\u00adderts lebten ca. zwei Drittel aller Juden im Rus\u00adsi\u00adschen Reich) und Anh\u00e4n\u00adger ani\u00admis\u00adti\u00adscher Natur\u00adre\u00adli\u00adgio\u00adnen. Das klingt nach mul\u00adti\u00adkul\u00adtu\u00adrel\u00adler Idylle, ver\u00addeckt aber die aggres\u00adsive Rus\u00adsi\u00adfi\u00adzie\u00adrungs\u00adpo\u00adli\u00adtik, die bis zur ver\u00adsuch\u00adten Aus\u00adl\u00f6\u00adschung der kul\u00adtu\u00adrel\u00adlen Iden\u00adti\u00adt\u00e4t von natio\u00adna\u00adlen Min\u00adder\u00adhei\u00adten ging, deren Spra\u00adchen und Kultur mar\u00adgi\u00adna\u00adli\u00adsiert&nbsp;wurden.<\/p>\n<p>Im Verlauf des 19. Jahr\u00adhun\u00adderts zeigt sich eine auf\u00adf\u00e4l\u00adlige Par\u00adal\u00adlele zwi\u00adschen Russ\u00adland und den anderen euro\u00adp\u00e4i\u00adschen Kolo\u00adni\u00adal\u00adm\u00e4ch\u00adten. Als beide ihren Vorrat an Kolo\u00adnis\u00adten ersch\u00f6pft hatten, ent\u00adschie\u00adden sie sich f\u00fcr eine andere Art von kolo\u00adnia\u00adler Expan\u00adsion, bei dem sie sich vor\u00adran\u00adgig auf mili\u00adt\u00e4\u00adri\u00adsche \u00dcber\u00adle\u00adgen\u00adheit st\u00fctz\u00adten. Auf diese Weise sicher\u00adten sie sich die Kon\u00adtrolle \u00fcber riesige neue Gebiete, in denen die Erobe\u00adrer nur eine kleine Min\u00adder\u00adheit der Bev\u00f6l\u00adke\u00adrung stell\u00adten. In der zweiten H\u00e4lfte des 19. Jahr\u00adhun\u00adderts hatten die Briten gro\u00dfe Teile Afrikas, Indiens und Malay\u00adsias erobert; die Fran\u00adzo\u00adsen kon\u00adtrol\u00adlier\u00adten Indo\u00adchina, West\u00adafrika und Teile des Nahen Ostens; die Nie\u00adder\u00adl\u00e4n\u00adder, Por\u00adtu\u00adgie\u00adsen, Belgier und Deut\u00adschen folgten ihnen. 1885 war der Deal unter Dach und Fach, und der Vertrag von Berlin machte ihn offi\u00adzi\u00adell: Die Euro\u00adp\u00e4er hatten Afrika unter sich&nbsp;aufgeteilt.<\/p>\n<p>Zur glei\u00adchen Zeit wandten sich auch die Russen dem S\u00fcden zu und began\u00adnen ihre dritte Periode des Kolo\u00adnia\u00adlis\u00admus: Zwi\u00adschen 1804 und 1810 nahm das Reich ganz Geor\u00adgien, Abcha\u00adsien und Arme\u00adnien in Besitz, bis 1859 hatte es eine Reihe von Kriegen mit den nord\u00adkau\u00adka\u00adsi\u00adschen St\u00e4mmen abge\u00adschlos\u00adsen. Danach folgte die Erobe\u00adrung Zentralasiens.<\/p>\n<p>Die wich\u00adtigste rus\u00adsi\u00adsche Sied\u00adler\u00adko\u00adlo\u00adnie war und ist bis heute Sibi\u00adrien. Es lie\u00adferte Russ\u00adlands wert\u00advollste Export\u00adg\u00fc\u00adter, von Pelzen, Gold und Holz bis zu Erd\u00f6l und Erdgas. Die rus\u00adsi\u00adschen Herr\u00adscher waren nie daran inter\u00ades\u00adsiert, eine regio\u00adnale Elite zu schaf\u00adfen. Die erste sibi\u00adri\u00adsche Uni\u00adver\u00adsi\u00adt\u00e4t wurde erst 1878&nbsp;in Tomsk gegr\u00fcn\u00addet, 242 Jahre nach der Harvard Uni\u00adver\u00adsity in Mas\u00adsa\u00adchu\u00adsetts. Fast alle gro\u00dfen Roh\u00adstoff\u00adun\u00adter\u00adneh\u00admen, die in Sibi\u00adrien t\u00e4tig sind, haben ihren Fir\u00admen\u00adsitz in Moskau oder St. Peters\u00adburg, ein Gro\u00df\u00adteil des Steu\u00ader\u00adauf\u00adkom\u00admens flie\u00dft aus der Region&nbsp;ab.<\/p>\n<p>Im Gegen\u00adsatz zu den ame\u00adri\u00adka\u00adni\u00adschen Kolo\u00adnien Eng\u00adlands und Spa\u00adni\u00adens ver\u00adsuchte Sibi\u00adrien aller\u00addings nie, sich von Moskau abzu\u00adspal\u00adten. Die rus\u00adsi\u00adschen Siedler blieben loyal zu Moskau. Ob Sibi\u00adrien sich auf Dauer damit zufrie\u00adden\u00adge\u00adben wird, eine aus\u00adge\u00adbeu\u00adtete Peri\u00adphe\u00adrie Moskaus bleiben, ist f\u00fcr eine ent\u00adschei\u00addende Frage f\u00fcr die Zukunft&nbsp;Russlands.<\/p>\n<h2><strong>II Von der Sowjet\u00adunion zu Putins Neoimperialismus<\/strong><\/h2>\n<p>Als Russ\u00adland in den 1920er Jahren zur Sowjet\u00adunion wurde, mischte sich das alte impe\u00adriale Erbe mit der neuen kom\u00admu\u00adnis\u00adti\u00adschen Ideo\u00adlo\u00adgie. Die Okto\u00adber\u00adre\u00advo\u00adlu\u00adtion war \u2013 neben anderen Motiven \u2013 auch ein Gewalt\u00adakt, um den Nie\u00adder\u00adgang Russ\u00adlands auf\u00adzu\u00adhal\u00adten. Sp\u00e4\u00adtes\u00adtens als an die Stelle der Welt\u00adre\u00advo\u00adlu\u00adtion der \u201eAufbau des Sozia\u00adlis\u00admus in einem Land\u201c trat, ging es um ein bra\u00adchia\u00adles Moder\u00adni\u00adsie\u00adrungs\u00adpro\u00adgramm von oben, um Russ\u00adland aus einem r\u00fcck\u00adst\u00e4n\u00addi\u00adgen Land in eine indus\u00adtri\u00adelle und mili\u00adt\u00e4\u00adri\u00adsche Gro\u00df\u00admacht zu ver\u00adwan\u00addeln. Die bol\u00adsche\u00adwis\u00adti\u00adsche F\u00fchrung kn\u00fcpfte an die impe\u00adria\u00adlen Tra\u00addi\u00adtio\u00adnen an und schickte sich an, Zen\u00adtral\u00adasien zur\u00fcck\u00adzu\u00ader\u00adobern und die \u00f6st\u00adli\u00adche Ukraine wieder ein\u00adzu\u00adglie\u00addern. Die Rote Armee ver\u00adsuchte War\u00adschau zu erobern, holte sich dabei eine blutige&nbsp;Nase.<\/p>\n<p>Eine wich\u00adtige Etappe in der Restau\u00adra\u00adtion des eins\u00adti\u00adgen rus\u00adsi\u00adschen Reichs durch die sowje\u00adti\u00adsche F\u00fchrung war der Hitler-Stalin-Pakt von 1939. Er f\u00fchrte zur Beset\u00adzung Ost\u00adpo\u00adlens, des west\u00adli\u00adchen Wei\u00df\u00adruss\u00adlands, der west\u00adli\u00adchen Ukraine und Bes\u00adsa\u00adra\u00adbi\u00adens sowie zur Anne\u00adxion der drei bal\u00adti\u00adschen Staaten im Jahr 1940. Der Versuch, auch Finn\u00adland wieder \u201eheim ins Reich\u201c zu zwingen, schei\u00adterte im Win\u00adter\u00adkrieg von 1939\/\u200b40.<\/p>\n<p>Nach dem sieg\u00adrei\u00adchen Ende des 2. Welt\u00adkriegs war die Anglie\u00adde\u00adrung Ost\u00adpreu\u00ad\u00dfens die letzte Gebiets\u00ader\u00adwei\u00adte\u00adrung der Sowjet\u00adunion. Par\u00adal\u00adlel setzte eine neue Form impe\u00adria\u00adler Expan\u00adsion ein: die Errich\u00adtung von Mario\u00adnet\u00adten\u00adre\u00adpu\u00adbli\u00adken in Mittel-Ost\u00adeu\u00adropa bis hin zur Spal\u00adtung Deutschlands.<\/p>\n<p>W\u00e4hrend sich die anderen euro\u00adp\u00e4i\u00adschen Kolo\u00adni\u00adal\u00adrei\u00adche \u2013 zum Teil in blu\u00adti\u00adgen Kriegen wie in Alge\u00adrien \u2013 auf\u00adl\u00f6s\u00adten, erreichte das sowje\u00adti\u00adsche Impe\u00adrium nach dem 2. Welt\u00adkrieg den H\u00f6he\u00adpunkt seiner Macht. Doch als die sowje\u00adti\u00adsche Wirt\u00adschaft schrumpfte und poli\u00adti\u00adsche Refor\u00admen unaus\u00adweich\u00adlich wurden, kamen die alten natio\u00adna\u00adlen Kon\u00adflikte mit unge\u00adheu\u00adrer Wucht wieder zum Vor\u00adschein. Sie m\u00fcn\u00adde\u00adten in die Auf\u00adl\u00f6\u00adsung der UdSSR und des War\u00adschauer&nbsp;Pakts.<\/p>\n<p>Der Zerfall der Sowjet\u00adunion 1991 war die Auf\u00adl\u00f6\u00adsung eines Impe\u00adri\u00adums durch die zen\u00adtri\u00adfu\u00adga\u00adlen Flieh\u00adkr\u00e4fte der natio\u00adna\u00adlen Teil\u00adre\u00adpu\u00adbli\u00adken und abh\u00e4n\u00adgi\u00adgen Vasal\u00adlen\u00adstaa\u00adten. Von den War\u00adschauer-Pakt-Staaten in Mittel-Ost\u00adeu\u00adropa \u00fcber die bal\u00adti\u00adschen Sowjet\u00adre\u00adpu\u00adbli\u00adken bis zu den rus\u00adsi\u00adschen Erobe\u00adrun\u00adgen im S\u00fcd\u00adkau\u00adka\u00adsus und Zen\u00adtral\u00adasien ver\u00adab\u00adschie\u00adde\u00adten sich die abh\u00e4n\u00adgi\u00adgen Natio\u00adnen in die Unabh\u00e4ngigkeit.<\/p>\n<p>Die Dynamik von 1989\/\u200b90 folgte einem \u00e4hn\u00adli\u00adchen Muster wie der Zerfall des bri\u00adti\u00adschen oder fran\u00adz\u00f6\u00adsi\u00adschen Kolo\u00adni\u00adal\u00adreichs nach dem 2. Welt\u00adkrieg \u2013 aller\u00addings im Zeit\u00adraf\u00adfer und ver\u00adgleichs\u00adweise unblu\u00adtig. Das lag nicht nur an der \u00f6ko\u00adno\u00admi\u00adschen und poli\u00adti\u00adschen Ersch\u00f6p\u00adfung der Sowjet\u00admacht. Par\u00adal\u00adlel zu den Unab\u00adh\u00e4n\u00adgig\u00adkeits\u00adbe\u00adstre\u00adbun\u00adgen der inneren und \u00e4u\u00dferen Kolo\u00adnien zogen auch die Macht\u00adeli\u00adten in Moskau die Rei\u00df\u00adli\u00adnie. Es war Boris Jelzin, der der UdSSR den Todes\u00adsto\u00df ver\u00adsetzte. Er wollte Russ\u00adland retten, indem er das Impe\u00adrium&nbsp;aufgab.<\/p>\n<p>In den abtr\u00fcn\u00adni\u00adgen ehe\u00adma\u00adli\u00adgen Sowjet\u00adre\u00adpu\u00adbli\u00adken vom Bal\u00adti\u00adkum bis nach Zen\u00adtral\u00adasien fanden sich die dort leben\u00adden Russen pl\u00f6tz\u00adlich als Min\u00adder\u00adheit wieder. Sie ver\u00adlo\u00adren ihren Status als domi\u00adnie\u00adren\u00addes Staats\u00advolk. Als Reak\u00adtion darauf erfand der Kreml das Konzept einer \u201erus\u00adsi\u00adschen Welt\u201c. In den Augen Putins ist die rus\u00adsi\u00adsche Nation \u00fcber den gesam\u00adten post\u00adso\u00adwje\u00adti\u00adschen Raum ver\u00adstreut und muss wie\u00adder\u00adver\u00adei\u00adnigt werden \u2013 wenn nicht als R\u00fcck\u00adkehr dieser Staaten in die rus\u00adsi\u00adsche F\u00f6de\u00adra\u00adtion, dann zumin\u00addest in Form einer Allianz von eng mit Russ\u00adland ver\u00adbun\u00adde\u00adnen&nbsp;Staaten.<\/p>\n<p>Deshalb auch die For\u00adde\u00adrung, die NATO solle sich wieder aus Mittel- und Ost\u00adeu\u00adropa zur\u00fcck\u00adzie\u00adhen: die Ost\u00aderwei\u00adte\u00adrung der NATO schr\u00e4nkt den Zugriff Moskaus auf die Staaten in seiner rekla\u00admier\u00adten Ein\u00adfluss\u00adsph\u00e4re ein. Dass Putin mit dem \u00dcber\u00adfall auf die Ukraine genau das Gegen\u00adteil bewirkt, ist Ergeb\u00adnis einer gro\u00adtes\u00adken Fehlkalkulation.<\/p>\n<p>Bei Bedarf l\u00fcgen Putin und sein Au\u00dfen\u00admi\u00adnis\u00adter, ohne mit der Wimper zu zucken. Es ist dennoch ein gro\u00dfer Fehler, nicht ernst zu nehmen, was er sagt. Putin hat schon fr\u00fch den Unter\u00adgang der Sowjet\u00adunion als \u201egr\u00f6\u00dfte geo\u00adpo\u00adli\u00adti\u00adsche Kata\u00adstro\u00adphe des 20. Jahr\u00adhun\u00adderts\u201c bezeich\u00adnet. Sp\u00e4\u00adtes\u00adtens mit der Inva\u00adsion in Geor\u00adgien im Jahr 2008 wurde klar, dass er danach trach\u00adtet, die gro\u00df\u00adrus\u00adsi\u00adsche Ein\u00adfluss\u00adph\u00e4re zu restaurieren.<\/p>\n<p>Vor\u00adaus\u00adge\u00adgan\u00adgen waren zwei ver\u00adhee\u00adrende Feld\u00adz\u00fcge gegen sepa\u00adra\u00adtis\u00adti\u00adsche Bestre\u00adbun\u00adgen in Tsche\u00adtsche\u00adnien, bei denen Zehn\u00adtau\u00adsende Zivi\u00adlis\u00adten ums Leben kamen und die Haupt\u00adstadt Grosny fast kom\u00adplett ver\u00adw\u00fcs\u00adtet wurde \u2013 ein klares Signal, dass Moskau keine wei\u00adte\u00adren natio\u00adna\u00adlen Abspal\u00adtun\u00adgen dulden&nbsp;wird.<\/p>\n<p>Die Trans\u00adfor\u00adma\u00adtion des sowje\u00adti\u00adschen Impe\u00adri\u00adums blieb in den 1990er-Jahren auf halbem Wege stecken. Der \u00dcber\u00adgang zu einem moder\u00adnen, demo\u00adkra\u00adti\u00adschen Natio\u00adnal\u00adstaat ist geschei\u00adtert. Mit der Macht\u00ad\u00fcber\u00adnahme Putins ent\u00adwi\u00adckelte sich eine drei\u00adfa\u00adche Restau\u00adra\u00adtion: von der ste\u00adcken\u00adge\u00adblie\u00adbe\u00adnen Demo\u00adkra\u00adti\u00adsie\u00adrung zum Auto\u00adri\u00adta\u00adris\u00admus, von halb\u00adher\u00adzi\u00adgen markt\u00adwirt\u00adschaft\u00adli\u00adchen Refor\u00admen zur\u00fcck zur Staats\u00adwirt\u00adschaft und von einem nach Westen ori\u00aden\u00adtier\u00adten, post\u00adim\u00adpe\u00adria\u00adlen Russ\u00adland zu einer neo\u00adim\u00adpe\u00adria\u00adlen&nbsp;Politik.<\/p>\n<p>Der post-impe\u00adriale Phan\u00adtom\u00adschmerz in Russ\u00adland wurde \u00fcber die Jahre noch st\u00e4rker. Er ist der psy\u00adcho\u00adlo\u00adgi\u00adsche Reso\u00adnanz\u00adbo\u00adden f\u00fcr einen aggres\u00adsi\u00adven Revan\u00adchis\u00admus nach au\u00dfen. Auch die innere Ver\u00adfas\u00adsung des rus\u00adsi\u00adschen Staates gleicht immer noch mehr einem Kolo\u00adni\u00adal\u00adreich als einer moder\u00adnen mul\u00adti\u00adeth\u00adni\u00adschen&nbsp;F\u00f6deration.<\/p>\n<p>Gleich\u00adzei\u00adtig betreibt Russ\u00adland wieder globale Macht\u00adpo\u00adli\u00adtik. Als Macht\u00admit\u00adtel bleiben dem Kreml mangels einer attrak\u00adti\u00adven Ideo\u00adlo\u00adgie nur noch Kor\u00adrup\u00adtion, fossile Ener\u00adgien, Des\u00adin\u00adfor\u00adma\u00adtion und Milit\u00e4r. Der Bom\u00adben\u00adkrieg in Syrien war das Exer\u00adzier\u00adfeld f\u00fcr den \u00dcber\u00adfall auf die Ukraine. Und er war ein Test auf die Stand\u00adfes\u00adtig\u00adkeit des Westens. Dass Amerika und Europa die Kriegs\u00adver\u00adbre\u00adchen Putins und Assads taten\u00adlos hin\u00adge\u00adnom\u00admen haben, wurde im Kreml als Ein\u00adla\u00addung ver\u00adstan\u00adden, den n\u00e4chs\u00adten Schritt zu gehen. Schw\u00e4\u00adche ermu\u00adtigt&nbsp;Aggression.<\/p>\n<h2><strong>III Russ\u00adland muss an der Ukraine&nbsp;scheitern<br>\n<\/strong><\/h2>\n<p>Jetzt also endlich das Ende der Illu\u00adsio\u00adnen \u00fcber Putin-Russ\u00adland als Partner des Westens. Solange das jetzige Regime an der Macht ist, zwingt es den Westen zu einer Politik der Abschre\u00adckung und Ein\u00add\u00e4m\u00admung \u2013 mit einem Rest Hoff\u00adnung, dass auch Russ\u00adland nicht auf ewig in seiner impe\u00adria\u00adlen, mili\u00adta\u00adris\u00adti\u00adschen und auto\u00adri\u00adt\u00e4\u00adren Geschichte gefan\u00adgen bleibt. Deshalb d\u00fcrfen wir auch die Kon\u00adtakte zu den Frei\u00adgeis\u00adtern in Wis\u00adsen\u00adschaft, Kultur und Zivil\u00adge\u00adsell\u00adschaft nicht abrei\u00ad\u00dfen lassen, die noch in Russ\u00adland \u00fcber\u00adwin\u00adtern. Hun\u00addert\u00adtau\u00adsende haben das Land seit dem 24.&nbsp;Februar ver\u00adlas\u00adsen \u2013 damit schwin\u00adden auch die Aus\u00adsich\u00adten auf einen bal\u00addi\u00adgen Umschwung der Verh\u00e4ltnisse.<\/p>\n<p>Es ist kaum \u00fcber\u00adtrie\u00adben zu sagen, dass sich die Zukunft Russ\u00adlands in der Ukraine ent\u00adschei\u00addet. Der Abschied vom Impe\u00adrium wird nicht frei\u00adwil\u00adlig erfol\u00adgen, noch weniger als in den euro\u00adp\u00e4i\u00adschen Demo\u00adkra\u00adtien, die ihre Kolo\u00adnien nicht frei\u00adwil\u00adlig r\u00e4umten. Umge\u00adkehrt gibt es wohl keinen st\u00e4r\u00adke\u00adren Hebel f\u00fcr eine innere Wand\u00adlung Russ\u00adlands als eine demo\u00adkra\u00adti\u00adsche, \u00f6ko\u00adno\u00admisch pro\u00adspe\u00adrie\u00adrende und in die euro\u00adp\u00e4i\u00adsche Gemein\u00adschaft ein\u00adge\u00adbun\u00addene Ukraine.&nbsp; Wir sollten deshalb in unserem eigenen Inter\u00adesse alles tun, damit der rus\u00adsi\u00adsche Impe\u00adria\u00adlis\u00admus an der Ukraine schei\u00adtert.<a href=\"#_ftnref1\" name=\"_ftn1\"><\/a>[\/vc_column_text][vc_column_text]<\/p>\n<p><em>Dieser Essay basiert auf einem Vortrag, den Ralf F\u00fccks am 25.&nbsp;Mai 2022 als Er\u00f6ff\u00adnungs\u00advor\u00adtrag der <a href=\"https:\/\/www.uni-kassel.de\/uni\/aktuelles\/meldung\/2022\/05\/11\/ringvorlesung-zum-dauerhaften-imperialismus-russlands\">gleich\u00adna\u00admi\u00adgen Ring\u00advor\u00adle\u00adsung<\/a> an der Uni\u00adver\u00adsi\u00adt\u00e4t Kassel gehal\u00adten&nbsp;hat.<\/em><\/p>\n<p>&nbsp;<\/p>\n<p><a href=\"#_ftnref1\" name=\"_ftn1\">[1]<\/a> <em>Dieser Abschnitt st\u00fctzt sich vor allem auf einen erhel\u00adlen\u00adden Aufsatz des rus\u00adsi\u00adschen \u00d6ko\u00adno\u00admen Vla\u00addis\u00adlav Ino\u00adzemt\u00adsev. Einige Pas\u00adsa\u00adgen sind w\u00f6rt\u00adlich \u00fcber\u00adnom\u00admen: Russia, The Last Colo\u00adnial Empire. The Ame\u00adri\u00adcan Inte\u00adrest, <a href=\"https:\/\/www.the-american-interest.com\/2017\/06\/29\/russia-last-colonial-empire\/\">https:\/\/www.the-american-interest.com\/2017\/06\/29\/russia-last-colonial-empire\/<\/a><\/em><\/p>\n<p><img src=\"https:\/\/russlandverstehen.eu\/wp-content\/uploads\/textende.png\" alt=\"Textende\" width=\"40\" height=\"120\">[\/vc_column_text][vc_separator][vc_column_text]Hat Ihnen unser Beitrag gefal\u00adlen? Dann spenden Sie doch einfach und bequem \u00fcber unser Spen\u00adden\u00adtool. Sie unter\u00adst\u00fct\u00adzen damit die publi\u00adzis\u00adti\u00adsche Arbeit von&nbsp;LibMod.<\/p>\n<p>[\/vc_column_text][vc_column_text]<script type=\"text\/javascript\">\n\t(function() {\n\t\tvar u=\"https:\/\/spenden.twingle.de\/embed\/genericorganisation\/genericproject\/tw5aeafe12eb6cb\/widget\";\n\t\tvar id = '_' + Math.random().toString(36).substr(2, 9);\n\t\tvar d=document, g=d.createElement('script'), s=d.getElementsByTagName('script')[0];\n\t\tdocument.write('<div id=\"twingle-public-embed-' + id + '\"><\/div>');\n\t\tg.type='text\/javascript'; g.async=true; g.defer=true; g.src=u+'\/'+id; s.parentNode.insertBefore(g,s);\n\t})();\n<\/script>[\/vc_column_text][vc_column_text]Wir sind als gemein\u00adn\u00fct\u00adzig aner\u00adkannt, ent\u00adspre\u00adchend sind Spenden steu\u00ader\u00adlich absetz\u00adbar. F\u00fcr eine Spen\u00adden\u00adbe\u00adschei\u00adni\u00adgung (n\u00f6tig bei einem Betrag \u00fcber 200 EUR), senden Sie Ihre Adress\u00adda\u00adten bitte an <a href=\"mailto:finanzen@libmod.de\">finanzen@libmod.de<\/a><\/p>\n<p>&nbsp;<\/p>\n<p>[\/vc_column_text][\/vc_column][vc_column width=\u201e1\/3\u201c el_class=\u201edimmer\u201c][vc_column_text]<\/p>\n<h2>Ver\u00adwandte&nbsp;Themen<\/h2>\n<p>[\/vc_column_text][vc_basic_grid post_type=\u201epost\u201c max_items=\u201e3\u201c element_width=\u201e12\u201c item=\u201e24066\u201c grid_id=\u201evc_gid:1654866158819\u20131ce93adf-3701\u20131\u201c css=\u201c.vc_custom_1654866203537{background-color: #ffffff !important;}\u201c taxonomies=\u201e1652, 79\u201c][vc_row_inner css=\u201c.vc_custom_1598525753249{margin-top: 15px !important;margin-right: \u201111px !important;margin-left: 0px !important;background-color: #0084a3 !important;}\u201c][vc_column_inner][vc_column_text css=\u201c.vc_custom_1661433131790{margin-top: \u201120px !important;margin-bottom: 5px !important;}\u201c]<\/p>\n<h3><span style=\"color: #ffffff;\">News\u00adlet\u00adter<\/span><\/h3>\n<p>[\/vc_column_text][vc_column_text]<\/p>\n<style type=\"text\/css\"><span data-mce-type=\"bookmark\" style=\"display: inline-block; width: 0px; overflow: hidden; line-height: 0;\" class=\"mce_SELRES_start\">\ufeff<\/span><span data-mce-type=\"bookmark\" style=\"display: inline-block; width: 0px; overflow: hidden; line-height: 0;\" class=\"mce_SELRES_start\">\ufeff<\/span><br \/>\t#mc_embed_signup{background:#0084a3; clear:left; font:14px Helvetica,Arial,sans-serif; }<br \/>\t\/* Add your own Mailchimp form style overrides in your site stylesheet or in this style block.<br \/>\t   We recommend moving this block and the preceding CSS link to the HEAD of your HTML file. *\/<br \/><\/style>\n<div id=\"mc_embed_signup\">\n<form id=\"mc-embedded-subscribe-form\" class=\"validate\" action=\"https:\/\/libmod.us3.list-manage.com\/subscribe\/post?u=62b56cdf0147264d3f3345b3e&amp;id=065e7758de\" method=\"post\" name=\"mc-embedded-subscribe-form\" novalidate target=\"_blank\">\n<div id=\"mc_embed_signup_scroll\">\n<p style=\"text-align: left;\"><input id=\"mce-EMAIL\" class=\"email\" name=\"EMAIL\" required type=\"email\" value placeholder=\"Email-Adresse\"><br>\n<!-- real people should not fill this in and expect good things - do not remove this or risk form bot signups--><span style=\"color: #ffffff;\">Mit unseren<\/span>&nbsp;<a style=\"color: #ffffff;\" href=\"https:\/\/libmod.de\/datenschutzerklaerung\/\" target=\"_blank\" rel=\"noopener noreferrer\">Daten\u00adschutz\u00adbe\u00adstim\u00admun\u00adgen<\/a> <span style=\"color: #ffffff;\">erkl\u00e4\u00adren Sie sich einverstanden.<\/span><\/p>\n<p style=\"text-align: right;\"><input id=\"mc-embedded-subscribe\" class=\"button\" name=\"subscribe\" type=\"submit\" value=\"ABSENDEN\"><\/p>\n<\/div>\n<\/form>\n<\/div>\n<p>[\/vc_column_text][\/vc_column_inner][\/vc_row_inner][\/vc_column][\/vc_row]<\/p>\n<\/div>","protected":false},"excerpt":{"rendered":"<p>[vc_row][vc_column][vc_column_text] [\/vc_column_text][\/vc_column][\/vc_row][vc_row css=\u201c.vc_custom_1508251598805{margin-top: 30px !important;}\u201c][vc_column width=\u201e2\/3\u201c css=\u201c.vc_custom_1508252250311{padding-right: 20px !important;}\u201c][vc_column_text] Der \u00dcber\u00adfall auf die Ukraine hat den Blick auf Russ\u00adland ver\u00ad\u00e4n\u00addert. Fast \u00fcber Nacht werden die langen Linien des rus\u00adsi\u00adschen Imperialismus...<\/p>\n","protected":false},"author":7,"featured_media":42058,"comment_status":"closed","ping_status":"closed","sticky":false,"template":"","format":"standard","meta":{"_acf_changed":false,"wp_typography_post_enhancements_disabled":false,"footnotes":""},"categories":[67],"tags":[13811,16041,1652,13766],"class_list":["post-42054","post","type-post","status-publish","format-standard","has-post-thumbnail","category-essay","tag-aktuell","tag-geschichte","tag-geschichtspolitik","tag-russland-und-der-westen"],"acf":[],"yoast_head":"<!-- This site is optimized with the Yoast SEO Premium plugin v25.0 (Yoast SEO v27.5) - https:\/\/yoast.com\/product\/yoast-seo-premium-wordpress\/ -->\n<title>Die langen Linien des russischen Imperialismus - Russland verstehen<\/title>\n<meta name=\"description\" content=\"Seit dem 24. Februar werden fast \u00fcber Nacht die langen Linien des russischen Imperialismus sichtbar \u2013 und mit ihnen die Zentralstellung der Ukraine als Kronjuwel des russischen Imperiums.\" \/>\n<meta name=\"robots\" content=\"index, follow, max-snippet:-1, max-image-preview:large, max-video-preview:-1\" \/>\n<link rel=\"canonical\" href=\"https:\/\/russlandverstehen.eu\/de\/russischer-imperialismus-fuecks-vorlesung-uni-kassel\/\" \/>\n<meta property=\"og:locale\" content=\"de_DE\" \/>\n<meta property=\"og:type\" content=\"article\" \/>\n<meta property=\"og:title\" content=\"Die langen Linien des russischen Imperialismus\" \/>\n<meta property=\"og:description\" content=\"Seit dem 24. Februar werden fast \u00fcber Nacht die langen Linien des russischen Imperialismus sichtbar \u2013 und mit ihnen die Zentralstellung der Ukraine als Kronjuwel des russischen Imperiums.\" \/>\n<meta property=\"og:url\" content=\"https:\/\/russlandverstehen.eu\/de\/russischer-imperialismus-fuecks-vorlesung-uni-kassel\/\" \/>\n<meta property=\"og:site_name\" content=\"Russland verstehen\" \/>\n<meta property=\"article:publisher\" content=\"https:\/\/www.facebook.com\/LiberaleModerne\/\" \/>\n<meta property=\"article:published_time\" content=\"2022-06-09T08:41:04+00:00\" \/>\n<meta property=\"article:modified_time\" content=\"2022-09-07T20:38:12+00:00\" \/>\n<meta property=\"og:image\" content=\"https:\/\/russlandverstehen.eu\/wp-content\/uploads\/Zar_1200x800.jpg\" \/>\n\t<meta property=\"og:image:width\" content=\"1200\" \/>\n\t<meta property=\"og:image:height\" content=\"800\" \/>\n\t<meta property=\"og:image:type\" content=\"image\/jpeg\" \/>\n<meta name=\"author\" content=\"Ralf F\u00fccks\" \/>\n<meta name=\"twitter:card\" content=\"summary_large_image\" \/>\n<meta name=\"twitter:image\" content=\"https:\/\/russlandverstehen.eu\/wp-content\/uploads\/Zar-Buch-1200x500-1.jpg\" \/>\n<meta name=\"twitter:creator\" content=\"@liberalemoderne\" \/>\n<meta name=\"twitter:site\" content=\"@liberalemoderne\" \/>\n<meta name=\"twitter:label1\" content=\"Verfasst von\" \/>\n\t<meta name=\"twitter:data1\" content=\"Ralf F\u00fccks\" \/>\n\t<meta name=\"twitter:label2\" content=\"Gesch\u00e4tzte Lesezeit\" \/>\n\t<meta name=\"twitter:data2\" content=\"13\u00a0Minuten\" \/>\n<script type=\"application\/ld+json\" class=\"yoast-schema-graph\">{\"@context\":\"https:\\\/\\\/schema.org\",\"@graph\":[{\"@type\":\"Article\",\"@id\":\"https:\\\/\\\/russlandverstehen.eu\\\/de\\\/russischer-imperialismus-fuecks-vorlesung-uni-kassel\\\/#article\",\"isPartOf\":{\"@id\":\"https:\\\/\\\/russlandverstehen.eu\\\/de\\\/russischer-imperialismus-fuecks-vorlesung-uni-kassel\\\/\"},\"author\":{\"name\":\"Ralf F\u00fccks\",\"@id\":\"\\\/#\\\/schema\\\/person\\\/027063857ae29a2109959cc2847887f5\"},\"headline\":\"Die langen Linien des rus\u00adsi\u00adschen Imperialismus\",\"datePublished\":\"2022-06-09T08:41:04+00:00\",\"dateModified\":\"2022-09-07T20:38:12+00:00\",\"mainEntityOfPage\":{\"@id\":\"https:\\\/\\\/russlandverstehen.eu\\\/de\\\/russischer-imperialismus-fuecks-vorlesung-uni-kassel\\\/\"},\"wordCount\":2548,\"publisher\":{\"@id\":\"\\\/#organization\"},\"image\":{\"@id\":\"https:\\\/\\\/russlandverstehen.eu\\\/de\\\/russischer-imperialismus-fuecks-vorlesung-uni-kassel\\\/#primaryimage\"},\"thumbnailUrl\":\"https:\\\/\\\/russlandverstehen.eu\\\/wp-content\\\/uploads\\\/Zar_1200x800.jpg\",\"keywords\":[\"aktuell\",\"Geschichte\",\"Geschichtspolitik\",\"Russland und der Westen\"],\"articleSection\":[\"Essay&emsp;\"],\"inLanguage\":\"de\"},{\"@type\":\"WebPage\",\"@id\":\"https:\\\/\\\/russlandverstehen.eu\\\/de\\\/russischer-imperialismus-fuecks-vorlesung-uni-kassel\\\/\",\"url\":\"https:\\\/\\\/russlandverstehen.eu\\\/de\\\/russischer-imperialismus-fuecks-vorlesung-uni-kassel\\\/\",\"name\":\"Die langen Linien des russischen Imperialismus - Russland verstehen\",\"isPartOf\":{\"@id\":\"\\\/#website\"},\"primaryImageOfPage\":{\"@id\":\"https:\\\/\\\/russlandverstehen.eu\\\/de\\\/russischer-imperialismus-fuecks-vorlesung-uni-kassel\\\/#primaryimage\"},\"image\":{\"@id\":\"https:\\\/\\\/russlandverstehen.eu\\\/de\\\/russischer-imperialismus-fuecks-vorlesung-uni-kassel\\\/#primaryimage\"},\"thumbnailUrl\":\"https:\\\/\\\/russlandverstehen.eu\\\/wp-content\\\/uploads\\\/Zar_1200x800.jpg\",\"datePublished\":\"2022-06-09T08:41:04+00:00\",\"dateModified\":\"2022-09-07T20:38:12+00:00\",\"description\":\"Seit dem 24. Februar werden fast \u00fcber Nacht die langen Linien des russischen Imperialismus sichtbar \u2013 und mit ihnen die Zentralstellung der Ukraine als Kronjuwel des russischen Imperiums.\",\"breadcrumb\":{\"@id\":\"https:\\\/\\\/russlandverstehen.eu\\\/de\\\/russischer-imperialismus-fuecks-vorlesung-uni-kassel\\\/#breadcrumb\"},\"inLanguage\":\"de\",\"potentialAction\":[{\"@type\":\"ReadAction\",\"target\":[\"https:\\\/\\\/russlandverstehen.eu\\\/de\\\/russischer-imperialismus-fuecks-vorlesung-uni-kassel\\\/\"]}]},{\"@type\":\"ImageObject\",\"inLanguage\":\"de\",\"@id\":\"https:\\\/\\\/russlandverstehen.eu\\\/de\\\/russischer-imperialismus-fuecks-vorlesung-uni-kassel\\\/#primaryimage\",\"url\":\"https:\\\/\\\/russlandverstehen.eu\\\/wp-content\\\/uploads\\\/Zar_1200x800.jpg\",\"contentUrl\":\"https:\\\/\\\/russlandverstehen.eu\\\/wp-content\\\/uploads\\\/Zar_1200x800.jpg\",\"width\":1200,\"height\":800},{\"@type\":\"BreadcrumbList\",\"@id\":\"https:\\\/\\\/russlandverstehen.eu\\\/de\\\/russischer-imperialismus-fuecks-vorlesung-uni-kassel\\\/#breadcrumb\",\"itemListElement\":[{\"@type\":\"ListItem\",\"position\":1,\"name\":\"Startseite\",\"item\":\"https:\\\/\\\/russlandverstehen.eu\\\/de\\\/\"},{\"@type\":\"ListItem\",\"position\":2,\"name\":\"Die langen Linien des rus\u00adsi\u00adschen Imperialismus\"}]},{\"@type\":\"WebSite\",\"@id\":\"\\\/#website\",\"url\":\"\\\/\",\"name\":\"Russland verstehen\",\"description\":\"Zentrum Liberale Moderne\",\"publisher\":{\"@id\":\"\\\/#organization\"},\"potentialAction\":[{\"@type\":\"SearchAction\",\"target\":{\"@type\":\"EntryPoint\",\"urlTemplate\":\"\\\/?s={search_term_string}\"},\"query-input\":{\"@type\":\"PropertyValueSpecification\",\"valueRequired\":true,\"valueName\":\"search_term_string\"}}],\"inLanguage\":\"de\"},{\"@type\":\"Organization\",\"@id\":\"\\\/#organization\",\"name\":\"Russland verstehen\",\"url\":\"\\\/\",\"logo\":{\"@type\":\"ImageObject\",\"inLanguage\":\"de\",\"@id\":\"\\\/#\\\/schema\\\/logo\\\/image\\\/\",\"url\":\"\",\"contentUrl\":\"\",\"caption\":\"Russland verstehen\"},\"image\":{\"@id\":\"\\\/#\\\/schema\\\/logo\\\/image\\\/\"},\"sameAs\":[\"https:\\\/\\\/www.facebook.com\\\/LiberaleModerne\\\/\",\"https:\\\/\\\/x.com\\\/liberalemoderne\"]},{\"@type\":\"Person\",\"@id\":\"\\\/#\\\/schema\\\/person\\\/027063857ae29a2109959cc2847887f5\",\"name\":\"Ralf F\u00fccks\",\"image\":{\"@type\":\"ImageObject\",\"inLanguage\":\"de\",\"@id\":\"https:\\\/\\\/russlandverstehen.eu\\\/wp-content\\\/uploads\\\/Ralf-Fuecks_rund-150x150.jpg\",\"url\":\"https:\\\/\\\/russlandverstehen.eu\\\/wp-content\\\/uploads\\\/Ralf-Fuecks_rund-150x150.jpg\",\"contentUrl\":\"https:\\\/\\\/russlandverstehen.eu\\\/wp-content\\\/uploads\\\/Ralf-Fuecks_rund-150x150.jpg\",\"caption\":\"Ralf F\u00fccks\"},\"description\":\"Ralf F\u00fccks ist gesch\u00e4ftsf\u00fchrender Gesellschafter des Zentrums Liberale Moderne und wirkte zuvor 21 Jahre als Vorstand der Heinrich B\u00f6ll Stiftung, der politischen Stiftung der Gr\u00fcnen. Davor war er Co-Vorsitzender der Gr\u00fcnen (1989\\\/90) und Senator f\u00fcr Umwelt und Stadtentwicklung in Bremen.\",\"url\":\"https:\\\/\\\/russlandverstehen.eu\\\/de\\\/author\\\/ralf_fuecks\\\/\"}]}<\/script>\n<!-- \/ Yoast SEO Premium plugin. -->","yoast_head_json":{"title":"Die langen Linien des russischen Imperialismus - Russland verstehen","description":"Seit dem 24. Februar werden fast \u00fcber Nacht die langen Linien des russischen Imperialismus sichtbar \u2013 und mit ihnen die Zentralstellung der Ukraine als Kronjuwel des russischen Imperiums.","robots":{"index":"index","follow":"follow","max-snippet":"max-snippet:-1","max-image-preview":"max-image-preview:large","max-video-preview":"max-video-preview:-1"},"canonical":"https:\/\/russlandverstehen.eu\/de\/russischer-imperialismus-fuecks-vorlesung-uni-kassel\/","og_locale":"de_DE","og_type":"article","og_title":"Die langen Linien des russischen Imperialismus","og_description":"Seit dem 24. Februar werden fast \u00fcber Nacht die langen Linien des russischen Imperialismus sichtbar \u2013 und mit ihnen die Zentralstellung der Ukraine als Kronjuwel des russischen Imperiums.","og_url":"https:\/\/russlandverstehen.eu\/de\/russischer-imperialismus-fuecks-vorlesung-uni-kassel\/","og_site_name":"Russland verstehen","article_publisher":"https:\/\/www.facebook.com\/LiberaleModerne\/","article_published_time":"2022-06-09T08:41:04+00:00","article_modified_time":"2022-09-07T20:38:12+00:00","og_image":[{"width":1200,"height":800,"url":"https:\/\/russlandverstehen.eu\/wp-content\/uploads\/Zar_1200x800.jpg","type":"image\/jpeg"}],"author":"Ralf F\u00fccks","twitter_card":"summary_large_image","twitter_image":"https:\/\/russlandverstehen.eu\/wp-content\/uploads\/Zar-Buch-1200x500-1.jpg","twitter_creator":"@liberalemoderne","twitter_site":"@liberalemoderne","twitter_misc":{"Verfasst von":"Ralf F\u00fccks","Gesch\u00e4tzte Lesezeit":"13\u00a0Minuten"},"schema":{"@context":"https:\/\/schema.org","@graph":[{"@type":"Article","@id":"https:\/\/russlandverstehen.eu\/de\/russischer-imperialismus-fuecks-vorlesung-uni-kassel\/#article","isPartOf":{"@id":"https:\/\/russlandverstehen.eu\/de\/russischer-imperialismus-fuecks-vorlesung-uni-kassel\/"},"author":{"name":"Ralf F\u00fccks","@id":"\/#\/schema\/person\/027063857ae29a2109959cc2847887f5"},"headline":"Die langen Linien des rus\u00adsi\u00adschen Imperialismus","datePublished":"2022-06-09T08:41:04+00:00","dateModified":"2022-09-07T20:38:12+00:00","mainEntityOfPage":{"@id":"https:\/\/russlandverstehen.eu\/de\/russischer-imperialismus-fuecks-vorlesung-uni-kassel\/"},"wordCount":2548,"publisher":{"@id":"\/#organization"},"image":{"@id":"https:\/\/russlandverstehen.eu\/de\/russischer-imperialismus-fuecks-vorlesung-uni-kassel\/#primaryimage"},"thumbnailUrl":"https:\/\/russlandverstehen.eu\/wp-content\/uploads\/Zar_1200x800.jpg","keywords":["aktuell","Geschichte","Geschichtspolitik","Russland und der Westen"],"articleSection":["Essay&emsp;"],"inLanguage":"de"},{"@type":"WebPage","@id":"https:\/\/russlandverstehen.eu\/de\/russischer-imperialismus-fuecks-vorlesung-uni-kassel\/","url":"https:\/\/russlandverstehen.eu\/de\/russischer-imperialismus-fuecks-vorlesung-uni-kassel\/","name":"Die langen Linien des russischen Imperialismus - Russland verstehen","isPartOf":{"@id":"\/#website"},"primaryImageOfPage":{"@id":"https:\/\/russlandverstehen.eu\/de\/russischer-imperialismus-fuecks-vorlesung-uni-kassel\/#primaryimage"},"image":{"@id":"https:\/\/russlandverstehen.eu\/de\/russischer-imperialismus-fuecks-vorlesung-uni-kassel\/#primaryimage"},"thumbnailUrl":"https:\/\/russlandverstehen.eu\/wp-content\/uploads\/Zar_1200x800.jpg","datePublished":"2022-06-09T08:41:04+00:00","dateModified":"2022-09-07T20:38:12+00:00","description":"Seit dem 24. Februar werden fast \u00fcber Nacht die langen Linien des russischen Imperialismus sichtbar \u2013 und mit ihnen die Zentralstellung der Ukraine als Kronjuwel des russischen Imperiums.","breadcrumb":{"@id":"https:\/\/russlandverstehen.eu\/de\/russischer-imperialismus-fuecks-vorlesung-uni-kassel\/#breadcrumb"},"inLanguage":"de","potentialAction":[{"@type":"ReadAction","target":["https:\/\/russlandverstehen.eu\/de\/russischer-imperialismus-fuecks-vorlesung-uni-kassel\/"]}]},{"@type":"ImageObject","inLanguage":"de","@id":"https:\/\/russlandverstehen.eu\/de\/russischer-imperialismus-fuecks-vorlesung-uni-kassel\/#primaryimage","url":"https:\/\/russlandverstehen.eu\/wp-content\/uploads\/Zar_1200x800.jpg","contentUrl":"https:\/\/russlandverstehen.eu\/wp-content\/uploads\/Zar_1200x800.jpg","width":1200,"height":800},{"@type":"BreadcrumbList","@id":"https:\/\/russlandverstehen.eu\/de\/russischer-imperialismus-fuecks-vorlesung-uni-kassel\/#breadcrumb","itemListElement":[{"@type":"ListItem","position":1,"name":"Startseite","item":"https:\/\/russlandverstehen.eu\/de\/"},{"@type":"ListItem","position":2,"name":"Die langen Linien des rus\u00adsi\u00adschen Imperialismus"}]},{"@type":"WebSite","@id":"\/#website","url":"\/","name":"Russland verstehen","description":"Zentrum Liberale Moderne","publisher":{"@id":"\/#organization"},"potentialAction":[{"@type":"SearchAction","target":{"@type":"EntryPoint","urlTemplate":"\/?s={search_term_string}"},"query-input":{"@type":"PropertyValueSpecification","valueRequired":true,"valueName":"search_term_string"}}],"inLanguage":"de"},{"@type":"Organization","@id":"\/#organization","name":"Russland verstehen","url":"\/","logo":{"@type":"ImageObject","inLanguage":"de","@id":"\/#\/schema\/logo\/image\/","url":"","contentUrl":"","caption":"Russland verstehen"},"image":{"@id":"\/#\/schema\/logo\/image\/"},"sameAs":["https:\/\/www.facebook.com\/LiberaleModerne\/","https:\/\/x.com\/liberalemoderne"]},{"@type":"Person","@id":"\/#\/schema\/person\/027063857ae29a2109959cc2847887f5","name":"Ralf F\u00fccks","image":{"@type":"ImageObject","inLanguage":"de","@id":"https:\/\/russlandverstehen.eu\/wp-content\/uploads\/Ralf-Fuecks_rund-150x150.jpg","url":"https:\/\/russlandverstehen.eu\/wp-content\/uploads\/Ralf-Fuecks_rund-150x150.jpg","contentUrl":"https:\/\/russlandverstehen.eu\/wp-content\/uploads\/Ralf-Fuecks_rund-150x150.jpg","caption":"Ralf F\u00fccks"},"description":"Ralf F\u00fccks ist gesch\u00e4ftsf\u00fchrender Gesellschafter des Zentrums Liberale Moderne und wirkte zuvor 21 Jahre als Vorstand der Heinrich B\u00f6ll Stiftung, der politischen Stiftung der Gr\u00fcnen. Davor war er Co-Vorsitzender der Gr\u00fcnen (1989\/90) und Senator f\u00fcr Umwelt und Stadtentwicklung in Bremen.","url":"https:\/\/russlandverstehen.eu\/de\/author\/ralf_fuecks\/"}]}},"jetpack_featured_media_url":"https:\/\/russlandverstehen.eu\/wp-content\/uploads\/Zar_1200x800.jpg","menu_order":0,"_links":{"self":[{"href":"https:\/\/russlandverstehen.eu\/de\/wp-json\/wp\/v2\/posts\/42054","targetHints":{"allow":["GET"]}}],"collection":[{"href":"https:\/\/russlandverstehen.eu\/de\/wp-json\/wp\/v2\/posts"}],"about":[{"href":"https:\/\/russlandverstehen.eu\/de\/wp-json\/wp\/v2\/types\/post"}],"author":[{"embeddable":true,"href":"https:\/\/russlandverstehen.eu\/de\/wp-json\/wp\/v2\/users\/7"}],"replies":[{"embeddable":true,"href":"https:\/\/russlandverstehen.eu\/de\/wp-json\/wp\/v2\/comments?post=42054"}],"version-history":[{"count":10,"href":"https:\/\/russlandverstehen.eu\/de\/wp-json\/wp\/v2\/posts\/42054\/revisions"}],"predecessor-version":[{"id":42199,"href":"https:\/\/russlandverstehen.eu\/de\/wp-json\/wp\/v2\/posts\/42054\/revisions\/42199"}],"wp:featuredmedia":[{"embeddable":true,"href":"https:\/\/russlandverstehen.eu\/de\/wp-json\/wp\/v2\/media\/42058"}],"wp:attachment":[{"href":"https:\/\/russlandverstehen.eu\/de\/wp-json\/wp\/v2\/media?parent=42054"}],"wp:term":[{"taxonomy":"category","embeddable":true,"href":"https:\/\/russlandverstehen.eu\/de\/wp-json\/wp\/v2\/categories?post=42054"},{"taxonomy":"post_tag","embeddable":true,"href":"https:\/\/russlandverstehen.eu\/de\/wp-json\/wp\/v2\/tags?post=42054"}],"curies":[{"name":"wp","href":"https:\/\/api.w.org\/{rel}","templated":true}]}}