{"id":42706,"date":"2023-01-28T22:27:20","date_gmt":"2023-01-28T21:27:20","guid":{"rendered":"https:\/\/russlandverstehen.eu\/?p=42706"},"modified":"2026-03-31T17:41:51","modified_gmt":"2026-03-31T15:41:51","slug":"menschenrechte-in-russland-gorinow-gefaengnis","status":"publish","type":"post","link":"https:\/\/russlandverstehen.eu\/de\/menschenrechte-in-russland-gorinow-gefaengnis\/","title":{"rendered":"\u201eWer ver\u00adges\u00adsen wird, stirbt leise auf seinem&nbsp;Bett\u201d"},"content":{"rendered":"<div class=\"wpb-content-wrapper\"><p>[vc_row][vc_column][vc_column_text css=\u201e\u201c]<\/p>\n<figure id=\"attachment_42713\" aria-describedby=\"caption-attachment-42713\" style=\"width: 1200px\" class=\"wp-caption alignnone\"><img class=\"wp-image-42713 size-full\" src=\"https:\/\/russlandverstehen.eu\/wp-content\/uploads\/Gorinov500.jpg\" alt width=\"1200\" height=\"500\" srcset=\"https:\/\/russlandverstehen.eu\/wp-content\/uploads\/Gorinov500.jpg 1200w, https:\/\/russlandverstehen.eu\/wp-content\/uploads\/Gorinov500-770x321.jpg 770w, https:\/\/russlandverstehen.eu\/wp-content\/uploads\/Gorinov500-768x320.jpg 768w\" sizes=\"(max-width: 1200px) 100vw, 1200px\"><figcaption id=\"caption-attachment-42713\" class=\"wp-caption-text\">Foto: ovd.news via Wiki\u00adpe\u00addia Crea\u00adtive&nbsp;Commons<\/figcaption><\/figure>\n<p>[\/vc_column_text][\/vc_column][\/vc_row][vc_row css=\u201c.vc_custom_1508251598805{margin-top: 30px !important;}\u201c][vc_column width=\u201e2\/3\u201c css=\u201c.vc_custom_1508252250311{padding-right: 20px !important;}\u201c][vc_column_text]<\/p>\n<h3>Alexej Gorinow wurde im ver\u00adgan\u00adge\u00adnen Jahr als erster Russe wegen Kritik am Krieg ins Gef\u00e4ng\u00adnis gesperrt. Es war der Beginn einer Tortur hinter Gittern. Trotz Lebens\u00adge\u00adfahr wirbt der Lokal\u00adpo\u00adli\u00adti\u00adker weiter f\u00fcr Frieden in der&nbsp;Ukraine.<\/h3>\n<p><!--more-->[\/vc_column_text][vc_column_text]<\/p>\n<pre>Von Maxim Kireev<\/pre>\n<p>[\/vc_column_text][vc_column_text]Der Prozess gegen den Mos\u00adkauer Lokal\u00adpo\u00adli\u00adti\u00adker Alexej Gorinow geh\u00f6rt zu jenen Rechts\u00adf\u00e4l\u00adlen an denen sich die j\u00fcngste Geschichte von Putins Russ\u00adland stu\u00addie\u00adren l\u00e4sst. Fast unent\u00adwegt spannte Wla\u00addi\u00admir Putin seit seinem Macht\u00adan\u00adtritt die Justiz ein, um Olig\u00adar\u00adchen, Anders\u00adden\u00adkende, Poli\u00adti\u00adker und Pro\u00adtes\u00adtie\u00adrende ein\u00adzu\u00adsper\u00adren und den Rest des Landes zum Schwei\u00adgen zu bringen. Mit jedem dieser unrecht\u00adm\u00e4\u00ad\u00dfi\u00adgen Urteile rutschte Russ\u00adland ein St\u00fcck n\u00e4her an eine fins\u00adtere Dik\u00adta\u00adtur. Mit der Ver\u00adur\u00adtei\u00adlung Gorinows schien das Land end\u00adg\u00fcl\u00adtig an diesem Punkt&nbsp;angekommen.<\/p>\n<p>Ver\u00adgan\u00adge\u00adnen Sommer war der 61-j\u00e4hrige Alexej Gorinow der erste Russe, der wegen Kritik an Russ\u00adlands Ein\u00admarsch in der Ukraine ins Gef\u00e4ng\u00adnis musste. Nicht weil er pro\u00adtes\u00adtierte oder zum Umsturz in Moskau auf\u00adge\u00adru\u00adfen hat. \u201eIch habe einfach die Dinge beim Namen genannt, das war das Min\u00addeste, was ich tun konnte\u201d, sagte Gorinow bei der Urteils\u00adver\u00adk\u00fcn\u00addung im ver\u00adgan\u00adge\u00adnen&nbsp;September.<\/p>\n<p>Kurz nach Beginn des rus\u00adsi\u00adschen Angriffs\u00adkrie\u00adges am 24&nbsp;Februar 2022 erlie\u00df die Staats\u00adduma gleich mehrere Gesetze, die \u201eDis\u00adkre\u00addi\u00adtie\u00adrung der Armee\u201d und \u201eVer\u00adbrei\u00adtung fal\u00adscher Infor\u00adma\u00adtio\u00adnen\u201d unter Strafe stellt. Das Regel\u00adwerk ist ist \u00fcberaus schwam\u00admig for\u00admu\u00adliert und erm\u00f6g\u00adlicht es rus\u00adsi\u00adschen Gerich\u00adten, jeg\u00adli\u00adchen Wider\u00adspruch, Protest oder auch nur Andeu\u00adtung von Kritik will\u00adk\u00fcr\u00adlich als Straf\u00adtat zu werten. Das Urteil f\u00fcr Gorinow lautete sieben Jahre, weil er \u00f6ffent\u00adlich das Wort \u201eKrieg\u201c ver\u00adwen\u00addet und diesen kri\u00adti\u00adsiert hatte. Zudem sprach Gorinow davon, dass die rus\u00adsi\u00adsche Armee f\u00fcr den Tod von Kindern ver\u00adant\u00adwort\u00adlich sei. Eine Tat\u00adsa\u00adche, die das Mos\u00adkauer Gericht als \u201ekri\u00admi\u00adnelle Falsch\u00adbe\u00adhaup\u00adtung\u201d wertete. Und das, obwohl die Fak\u00adten\u00adlage ein\u00addeu\u00adtig auf Gorinows Seite war. Seine Ver\u00adur\u00adtei\u00adlung war auch ein Signal, dass unab\u00adh\u00e4n\u00adgige Poli\u00adti\u00adker selbst auf lokaler Ebenen in Russ\u00adland nicht mehr gedul\u00addet&nbsp;wird.<\/p>\n<p>Schnell wurde klar, dass die Ver\u00adur\u00adtei\u00adlung f\u00fcr den 61-j\u00e4h\u00adri\u00adgen erst der Beginn einer Tortur werden sollte. Das Gef\u00e4ng\u00adnis in Pokrow, \u00f6stlich von Moskau, wo Alexej ein\u00adsitzt, gilt der Gefan\u00adge\u00adnen-Hils\u00ador\u00adga\u00adni\u00adsa\u00adtion OVD-Info zufolge als eine ber\u00fcch\u00adtigte Haft\u00adan\u00adstalt. Laut dem OVD-Info-Exper\u00adten Denis Schedow sind die Ver\u00adpfle\u00adgung und \u00e4rzt\u00adli\u00adche Ver\u00adsor\u00adgung dort mise\u00adra\u00adbel. Und das, obwohl die Anstalt nur wenige Auto\u00adstun\u00adden von der Haupt\u00adstadt Moskau ent\u00adfernt liegt. Auch h\u00e4tten fr\u00fchere Gefan\u00adgene berich\u00adtet, wie W\u00e4chter regel\u00adm\u00e4\u00ad\u00dfig Insas\u00adsen ver\u00adpr\u00fc\u00adgel\u00adten und fol\u00adter\u00adten. Offen\u00adbar soll an Gorinow ein Exempel sta\u00adtu\u00adiert werden. \u201eGorinow hatte als einer der wenigen Kriegs\u00adgeg\u00adner gleich\u00adzei\u00adtig auch einen Posten, er war Abge\u00adord\u00adne\u00adter, wenn auch nicht beson\u00adders bedeu\u00adtend. Alle, die irgend\u00adein \u00f6ffent\u00adli\u00adches Amt inne haben, sollten ver\u00adste\u00adhen, dass sie h\u00e4rter bestraft werden, wenn sie den Krieg kri\u00adti\u00adsie\u00adren\u201d, meint der Men\u00adschen\u00adrecht\u00adler&nbsp;Schedow.<\/p>\n<h2>Unter\u00adst\u00fct\u00adzung von&nbsp;Nawalny<\/h2>\n<p>Der Lokal\u00adpo\u00adli\u00adti\u00adker Gorinow hatte nur wenige Wochen im Gef\u00e4ng\u00adnis ver\u00adbracht,&nbsp;als im Dezem\u00adber seine Anw\u00e4lte und seine Familie \u00fcber eine Ver\u00adschlech\u00adte\u00adrung seines Gesund\u00adheits\u00adzu\u00adstan\u00addes zu klagen began\u00adnen. In Briefen an seine Anw\u00e4lte berich\u00adtete Gorinow von Fieber, starkem Husten und Atem\u00adpro\u00adble\u00admen. Die Gef\u00e4ng\u00adnis\u00adlei\u00adtung habe von all dem nichts wissen wollen. Nicht mal eine Dia\u00adgnose konnten oder wollten die \u00c4rzte stellen. Auch der eben\u00adfalls derzeit inhaf\u00adtierte Oppo\u00adsi\u00adti\u00adons\u00adf\u00fch\u00adrer Alexej Nawalny zeigte sich alar\u00admiert. \u201eIch mache mir Sorgen um Gorinow, denn ich war selber in diesem Gef\u00e4ng\u00adnis und kenne die Zust\u00e4nde\u201d, teilte Nawalny \u00fcber seine Mit\u00adstrei\u00adter mit. Der Fall m\u00fcsse \u00f6ffent\u00adlich gemacht werden. \u201e\u00dcber wen nicht geschrie\u00adben wird, der stirbt einfach leise auf seinem Bett. Wer jedoch nicht ver\u00adges\u00adsen wird, hat Chancen wenigste Medi\u00adka\u00admente zu bekom\u00admen\u201d, schrieb&nbsp;Nawalny.<\/p>\n<p>Tat\u00ads\u00e4ch\u00adlich geh\u00f6rt Gorinow nicht zu denen, die st\u00e4ndig die Auf\u00admerk\u00adsam\u00adkeit der Oppo\u00adsi\u00adtion und der Welt\u00ad\u00f6f\u00adfent\u00adlich\u00adkeit genie\u00ad\u00dfen. Au\u00dfer\u00adhalb seines Mos\u00adkauer Wahl\u00adkrei\u00adses war der 61-j\u00e4hrige war f\u00fcr viele ein Unbe\u00adkann\u00adter. Der Jurist geh\u00f6rte 2017 zu einer ganzen Riege neuer Gesich\u00adter, die es als unab\u00adh\u00e4n\u00adgige Kan\u00addi\u00adda\u00adten in die Mos\u00adkauer Bezirks\u00adr\u00e4te geschafft hatten. Damals erzielte die Oppo\u00adsi\u00adtion einen Ach\u00adtungs\u00ader\u00adfolg und konnte etwa 200 von 1500 Pl\u00e4tzen ergat\u00adtern und in einigen Vier\u00adteln die Mehr\u00adheit holen. Auch im Bezirk Kras\u00adno\u00adsels\u00adkij in der n\u00f6rd\u00adli\u00adchen Innen\u00adstadt, wo Gorinow zusam\u00admen mit dem Oppo\u00adsi\u00adtio\u00adnel\u00adlen Ilja Jaschin ange\u00adtre\u00adten ist. \u201eDas ist Kan\u00adter\u00adsieg \u00fcber Einiges Russ\u00adland\u201d, sagte Jaschin damals, dessen Team 7&nbsp;von 10 Sitzen holen konnte. Lange Zeit hatten weder Kreml noch die Oppo\u00adsi\u00adtion Kom\u00admu\u00adnal\u00adwah\u00adlen gro\u00dfe Bedeu\u00adtung bei\u00adgemes\u00adsen. Doch die tra\u00addi\u00adtio\u00adnell sehr nied\u00adrige Wahl\u00adbe\u00adtei\u00adli\u00adgung von weniger als 25 Prozent erm\u00f6g\u00adlichte es unab\u00adh\u00e4n\u00adgi\u00adgen Kan\u00addi\u00adda\u00adten, sich in einigen Wahl\u00adkrei\u00adsen durch\u00adzu\u00adset\u00adzen. Schon einige Hundert Stimmen konnten reichen, um Kan\u00addi\u00adda\u00adten der Regie\u00adrungs\u00adpar\u00adteien zu \u00fcber\u00adho\u00adlen. Die Oppo\u00adsi\u00adtion wit\u00adterte ihre Chance und setzte sie erfolg\u00adreich um. Eine Lektion, die man auch im Kreml gelernt hat. Schon bei den Wahlen zur Mos\u00adkauer Stadt\u00adduma 2019 wurden keine unab\u00adh\u00e4n\u00adgi\u00adgen Kan\u00addi\u00adda\u00adten mehr&nbsp;zugelassen.<\/p>\n<h2>Am Anfang stand ein Streit um einen Kinder-Malwettbewerb<\/h2>\n<p>Im Fr\u00fch\u00adjahr 2022 waren die rebel\u00adli\u00adschen Bezirks\u00adr\u00e4te l\u00e4ngst im Visier des Staates, als letzter Hort des Wider\u00adspruchs. Als rus\u00adsi\u00adsche Panzer im April durch die Ukraine rollten, dis\u00adku\u00adtierte der Bezirks\u00adrat Kras\u00adno\u00adsels\u00adkij \u00fcber einen Mal\u00adwett\u00adbe\u00adwerb f\u00fcr Kinder. Die Idee, vor\u00adge\u00adtra\u00adgen von einer Abge\u00adord\u00adne\u00adten der Kreml\u00adpar\u00adtei Einiges Russ\u00adland, erschien Gorinow obsz\u00f6n. \u201eDas ist doch Bar\u00adba\u00adrei, so etwas in Zeiten von Krieg zu ver\u00adan\u00adstal\u00adten. In der Ukraine sind schon mehr als 100 Kinder gestor\u00adben\u201d, klagte er. Diese Dis\u00adkus\u00adsion wurde, wie bei Mos\u00adkauer Bezirks\u00adr\u00e4\u00adten \u00fcblich, live im Inter\u00adnet \u00fcber\u00adtra\u00adgen. Der Wett\u00adbe\u00adwerb wurde dar\u00adauf\u00adhin nicht aus\u00adge\u00adtra\u00adgen. Daf\u00fcr stand ein paar Tage sp\u00e4ter die Polizei vor Gorinows Haust\u00fcr und nahm ihn fest. Angeb\u00adlich, weil ein Zuschauer der Live-\u00dcber\u00adtra\u00adgung ihn ange\u00adzeigt hatte. Nach f\u00fcnf wei\u00adte\u00adren Tagen waren die Ermitt\u00adlun\u00adgen abge\u00adschlos\u00adsen. Der Vorwurf: Gorinow soll \u201evor\u00ads\u00e4tz\u00adlich und plan\u00adm\u00e4\u00ad\u00dfig\u201d die rus\u00adsi\u00adsche Armee dis\u00adkre\u00addi\u00adtiert haben in dem er von Krieg und toten Kindern sprach. Im Juli folgte das Urteil: sieben Jahre Gef\u00e4ng\u00adnis. Bei der Beru\u00adfungs\u00adver\u00adhand\u00adlung im Sep\u00adtem\u00adber k\u00fcrzte die Rich\u00adte\u00adrin das Straf\u00adma\u00df \u2013 um einen&nbsp;Monat.<\/p>\n<p>Mitt\u00adler\u00adweile sind drei der sieben oppo\u00adsi\u00adtio\u00adnel\u00adlen Stadt\u00adteil-Ver\u00adtre\u00adter des Bezirks Kras\u00adno\u00adle\u00adskij ent\u00adwe\u00adder ver\u00adhaf\u00adtet oder emi\u00adgriert. Ilja Jaschin wurde im Dezem\u00adber zu acht Jahren und sechs Monaten Gef\u00e4ng\u00adnis ver\u00adur\u00adteilt, weil er auf YouTube \u00fcber das Mas\u00adsa\u00adker von Butscha infor\u00admiert hatte \u2013 die Kriegs\u00adver\u00adbre\u00adchen in dem Kyjiwer Vorort werden in rus\u00adsi\u00adschen Staats\u00adme\u00addien als \u201eanti\u00adrus\u00adsi\u00adsche Insze\u00adnie\u00adrung\u201c bezeich\u00adnet. Jelena Kote\u00adnot\u00adsch\u00adkina, eine weitere Abge\u00adord\u00adnete im Bezirks\u00adrat, hatte noch im Fr\u00fch\u00adjahr Russ\u00adland ver\u00adlas\u00adsen, aus Angst eben\u00adfalls Ziel\u00adscheibe der Ermitt\u00adler zu&nbsp;werden.<\/p>\n<p>Zumin\u00addest Gorinows gesund\u00adheit\u00adli\u00adchen Pro\u00adbleme schei\u00adnen sich zuletzt gebes\u00adsert haben. \u201eAlexej f\u00fchlt sich besser und wird mitt\u00adler\u00adweile in einem anderen Gef\u00e4ng\u00adnis\u00adkran\u00adken\u00adhaus behan\u00addelt\u201d, teilten seine Anw\u00e4lte Ende Januar mit. Dennoch wird der Lokal\u00adpo\u00adli\u00adti\u00adker schon bald ins ber\u00fcch\u00adtigte Pokrow-Gef\u00e4ng\u00adnis zur\u00fcck\u00adkeh\u00adren. Gleich\u00adzei\u00adtig ver\u00adsucht er sich trotz seiner miss\u00adli\u00adchen Lage aus dem Gef\u00e4ng\u00adnis heraus weiter Geh\u00f6r zu ver\u00adschaf\u00adfen. Anfang Januar schrieb Gorinow einen offenen Brief an das Ober\u00adhaupt der Rus\u00adsisch-Ortho\u00addo\u00adxen Kirche Patri\u00adarch Kyrill, obwohl dieser mehr\u00adfach offen den Kriegs\u00adkurs des Kremls ver\u00adtei\u00addigte. Am Ende des zwei\u00adsei\u00adti\u00adgen Briefes war es nur eine Bitte, die Gorinow hatte: Kyrill solle nicht schwei\u00adgen. So wie er selbst einst nicht geschwie\u00adgen hat. \u201eViel\u00adleicht sind Sie der\u00adje\u00adnige, der unserer Heimat helfen kann, sich vor der Kata\u00adstro\u00adphe zu retten\u201d. Eine Reak\u00adtion der Kirche darauf gab es nicht.[\/vc_column_text][vc_column_text]<img src=\"https:\/\/russlandverstehen.eu\/wp-content\/uploads\/textende.png\" alt=\"Textende\" width=\"40\" height=\"120\">[\/vc_column_text][vc_separator][vc_column_text]Hat Ihnen unser Beitrag gefal\u00adlen? Dann spenden Sie doch einfach und bequem \u00fcber unser Spen\u00adden\u00adtool. Sie unter\u00adst\u00fct\u00adzen damit die publi\u00adzis\u00adti\u00adsche Arbeit von&nbsp;LibMod.<\/p>\n<p>[\/vc_column_text][vc_column_text]<script type=\"text\/javascript\">\n\t(function() {\n\t\tvar u=\"https:\/\/spenden.twingle.de\/embed\/genericorganisation\/genericproject\/tw5aeafe12eb6cb\/widget\";\n\t\tvar id = '_' + Math.random().toString(36).substr(2, 9);\n\t\tvar d=document, g=d.createElement('script'), s=d.getElementsByTagName('script')[0];\n\t\tdocument.write('<div id=\"twingle-public-embed-' + id + '\"><\/div>');\n\t\tg.type='text\/javascript'; g.async=true; g.defer=true; g.src=u+'\/'+id; s.parentNode.insertBefore(g,s);\n\t})();\n<\/script>[\/vc_column_text][vc_column_text]Wir sind als gemein\u00adn\u00fct\u00adzig aner\u00adkannt, ent\u00adspre\u00adchend sind Spenden steu\u00ader\u00adlich absetz\u00adbar. F\u00fcr eine Spen\u00adden\u00adbe\u00adschei\u00adni\u00adgung (n\u00f6tig bei einem Betrag \u00fcber 200 EUR), senden Sie Ihre Adress\u00adda\u00adten bitte an <a href=\"mailto:finanzen@libmod.de\">finanzen@libmod.de<\/a><\/p>\n<p>&nbsp;<\/p>\n<p>[\/vc_column_text][\/vc_column][vc_column width=\u201e1\/3\u201c el_class=\u201edimmer\u201c][vc_empty_space height=\u201e130px\u201c][vc_column_text]<\/p>\n<h2>Ver\u00adwandte&nbsp;Themen<\/h2>\n<p>[\/vc_column_text][vc_basic_grid post_type=\u201epost\u201c max_items=\u201e3\u201c element_width=\u201e12\u201c item=\u201e24066\u201c css=\u201c.vc_custom_1645720199301{background-color: #ffffff !important;}\u201c grid_id=\u201evc_gid:1749807735852\u20134bdea046-84c5\u20111\u201c taxonomies=\u201e20\u201c][vc_row_inner css=\u201c.vc_custom_1598525753249{margin-top: 15px !important;margin-right: \u201111px !important;margin-left: 0px !important;background-color: #0084a3 !important;}\u201c][vc_column_inner][vc_column_text css=\u201c.vc_custom_1661433131790{margin-top: \u201120px !important;margin-bottom: 5px !important;}\u201c]<\/p>\n<h3><span style=\"color: #ffffff;\">News\u00adlet\u00adter<\/span><\/h3>\n<p>[\/vc_column_text][vc_column_text]<\/p>\n<style type=\"text\/css\"><span data-mce-type=\"bookmark\" style=\"display: inline-block; width: 0px; overflow: hidden; line-height: 0;\" class=\"mce_SELRES_start\">\ufeff<\/span><span data-mce-type=\"bookmark\" style=\"display: inline-block; width: 0px; overflow: hidden; line-height: 0;\" class=\"mce_SELRES_start\">\ufeff<\/span><span data-mce-type=\"bookmark\" style=\"display: inline-block; width: 0px; overflow: hidden; line-height: 0;\" class=\"mce_SELRES_start\">\ufeff<\/span><br \/>\t#mc_embed_signup{background:#b20062; clear:left; font:14px Helvetica,Arial,sans-serif; }<br \/>\t\/* Add your own Mailchimp form style overrides in your site stylesheet or in this style block.<br \/>\t   We recommend moving this block and the preceding CSS link to the HEAD of your HTML file. *\/<br \/><\/style>\n<div id=\"mc_embed_signup\">\n<form id=\"mc-embedded-subscribe-form\" class=\"validate\" action=\"https:\/\/libmod.us3.list-manage.com\/subscribe\/post?u=62b56cdf0147264d3f3345b3e&amp;id=065e7758de\" method=\"post\" name=\"mc-embedded-subscribe-form\" novalidate target=\"_blank\">\n<div id=\"mc_embed_signup_scroll\">\n<p style=\"text-align: left;\"><input id=\"mce-EMAIL\" class=\"email\" name=\"EMAIL\" required type=\"email\" value placeholder=\"Email-Adresse\"><br>\n<!-- real people should not fill this in and expect good things - do not remove this or risk form bot signups--><span style=\"color: #ffffff;\">Mit unseren<\/span>&nbsp;<a style=\"color: #ffffff;\" href=\"https:\/\/libmod.de\/datenschutzerklaerung\/\" target=\"_blank\" rel=\"noopener noreferrer\">Daten\u00adschutz\u00adbe\u00adstim\u00admun\u00adgen<\/a> <span style=\"color: #ffffff;\">erkl\u00e4\u00adren Sie sich einverstanden.<\/span><\/p>\n<p style=\"text-align: right;\"><input id=\"mc-embedded-subscribe\" class=\"button\" name=\"subscribe\" type=\"submit\" value=\"ABSENDEN\"><\/p>\n<\/div>\n<\/form>\n<\/div>\n<p>[\/vc_column_text][\/vc_column_inner][\/vc_row_inner][\/vc_column][\/vc_row]<\/p>\n<\/div>","protected":false},"excerpt":{"rendered":"<p>[vc_row][vc_column][vc_column_text css=\u201e\u201c] [\/vc_column_text][\/vc_column][\/vc_row][vc_row css=\u201c.vc_custom_1508251598805{margin-top: 30px !important;}\u201c][vc_column width=\u201e2\/3\u201c css=\u201c.vc_custom_1508252250311{padding-right: 20px !important;}\u201c][vc_column_text] Alexej Gorinow wurde im ver\u00adgan\u00adge\u00adnen Jahr als erster Russe wegen Kritik am Krieg ins Gef\u00e4ng\u00adnis gesperrt. Es war der&nbsp;Beginn...<\/p>\n","protected":false},"author":185,"featured_media":42768,"comment_status":"closed","ping_status":"closed","sticky":false,"template":"","format":"standard","meta":{"_acf_changed":false,"wp_typography_post_enhancements_disabled":false,"footnotes":""},"categories":[1018],"tags":[13811,16070,16069,15189,16034,104],"class_list":["post-42706","post","type-post","status-publish","format-standard","has-post-thumbnail","category-allgemein","tag-aktuell","tag-alexei-gorinov","tag-alexej-gorinow","tag-menschenrechte","tag-ukraine-krieg","tag-zivilgesellschaft-und-der-kreml"],"acf":[],"yoast_head":"<!-- This site is optimized with the Yoast SEO Premium plugin v25.0 (Yoast SEO v27.5) - https:\/\/yoast.com\/product\/yoast-seo-premium-wordpress\/ -->\n<title>&quot;Wer vergessen wird, stirbt leise auf seinem Bett\u201d<\/title>\n<meta name=\"description\" content=\"Alexej Gorinow wurde im vergangenen Jahr als erster Russe wegen Kritik am Krieg ins Gef\u00e4ngnis gesperrt. Es war der Beginn einer Tortur hinter Gittern.\" \/>\n<meta name=\"robots\" content=\"index, follow, max-snippet:-1, max-image-preview:large, max-video-preview:-1\" \/>\n<link rel=\"canonical\" href=\"https:\/\/russlandverstehen.eu\/de\/menschenrechte-in-russland-gorinow-gefaengnis\/\" \/>\n<meta property=\"og:locale\" content=\"de_DE\" \/>\n<meta property=\"og:type\" content=\"article\" \/>\n<meta property=\"og:title\" content=\"&quot;Wer vergessen wird, stirbt leise auf seinem Bett\u201d\" \/>\n<meta property=\"og:description\" content=\"Alexej Gorinow wurde im vergangenen Jahr als erster Russe wegen Kritik am Krieg ins Gef\u00e4ngnis gesperrt. Es war der Beginn einer Tortur hinter Gittern.\" \/>\n<meta property=\"og:url\" content=\"https:\/\/russlandverstehen.eu\/de\/menschenrechte-in-russland-gorinow-gefaengnis\/\" \/>\n<meta property=\"og:site_name\" content=\"Russland verstehen\" \/>\n<meta property=\"article:publisher\" content=\"https:\/\/www.facebook.com\/LiberaleModerne\/\" \/>\n<meta property=\"article:published_time\" content=\"2023-01-28T21:27:20+00:00\" \/>\n<meta property=\"article:modified_time\" content=\"2026-03-31T15:41:51+00:00\" \/>\n<meta property=\"og:image\" content=\"https:\/\/russlandverstehen.eu\/wp-content\/uploads\/800Gorinov.jpg\" \/>\n\t<meta property=\"og:image:width\" content=\"1200\" \/>\n\t<meta property=\"og:image:height\" content=\"800\" \/>\n\t<meta property=\"og:image:type\" content=\"image\/jpeg\" \/>\n<meta name=\"author\" content=\"\u2003\" \/>\n<meta name=\"twitter:card\" content=\"summary_large_image\" \/>\n<meta name=\"twitter:creator\" content=\"@liberalemoderne\" \/>\n<meta name=\"twitter:site\" content=\"@liberalemoderne\" \/>\n<meta name=\"twitter:label1\" content=\"Verfasst von\" \/>\n\t<meta name=\"twitter:data1\" content=\"\u2003\" \/>\n\t<meta name=\"twitter:label2\" content=\"Gesch\u00e4tzte Lesezeit\" \/>\n\t<meta name=\"twitter:data2\" content=\"8\u00a0Minuten\" \/>\n<script type=\"application\/ld+json\" class=\"yoast-schema-graph\">{\"@context\":\"https:\\\/\\\/schema.org\",\"@graph\":[{\"@type\":\"Article\",\"@id\":\"https:\\\/\\\/russlandverstehen.eu\\\/de\\\/menschenrechte-in-russland-gorinow-gefaengnis\\\/#article\",\"isPartOf\":{\"@id\":\"https:\\\/\\\/russlandverstehen.eu\\\/de\\\/menschenrechte-in-russland-gorinow-gefaengnis\\\/\"},\"author\":{\"name\":\"\u2003\",\"@id\":\"\\\/#\\\/schema\\\/person\\\/3dfcbc94ac5da2958e97139722f1e10d\"},\"headline\":\"\u201eWer ver\u00adges\u00adsen wird, stirbt leise auf seinem&nbsp;Bett\u201d\",\"datePublished\":\"2023-01-28T21:27:20+00:00\",\"dateModified\":\"2026-03-31T15:41:51+00:00\",\"mainEntityOfPage\":{\"@id\":\"https:\\\/\\\/russlandverstehen.eu\\\/de\\\/menschenrechte-in-russland-gorinow-gefaengnis\\\/\"},\"wordCount\":1474,\"publisher\":{\"@id\":\"\\\/#organization\"},\"image\":{\"@id\":\"https:\\\/\\\/russlandverstehen.eu\\\/de\\\/menschenrechte-in-russland-gorinow-gefaengnis\\\/#primaryimage\"},\"thumbnailUrl\":\"https:\\\/\\\/russlandverstehen.eu\\\/wp-content\\\/uploads\\\/800Gorinov.jpg\",\"keywords\":[\"aktuell\",\"Alexei Gorinov\",\"Alexej Gorinow\",\"Menschenrechte\",\"Ukraine-Krieg\",\"Zivilgesellschaft und der Kreml\"],\"inLanguage\":\"de\"},{\"@type\":\"WebPage\",\"@id\":\"https:\\\/\\\/russlandverstehen.eu\\\/de\\\/menschenrechte-in-russland-gorinow-gefaengnis\\\/\",\"url\":\"https:\\\/\\\/russlandverstehen.eu\\\/de\\\/menschenrechte-in-russland-gorinow-gefaengnis\\\/\",\"name\":\"\\\"Wer vergessen wird, stirbt leise auf seinem Bett\u201d\",\"isPartOf\":{\"@id\":\"\\\/#website\"},\"primaryImageOfPage\":{\"@id\":\"https:\\\/\\\/russlandverstehen.eu\\\/de\\\/menschenrechte-in-russland-gorinow-gefaengnis\\\/#primaryimage\"},\"image\":{\"@id\":\"https:\\\/\\\/russlandverstehen.eu\\\/de\\\/menschenrechte-in-russland-gorinow-gefaengnis\\\/#primaryimage\"},\"thumbnailUrl\":\"https:\\\/\\\/russlandverstehen.eu\\\/wp-content\\\/uploads\\\/800Gorinov.jpg\",\"datePublished\":\"2023-01-28T21:27:20+00:00\",\"dateModified\":\"2026-03-31T15:41:51+00:00\",\"description\":\"Alexej Gorinow wurde im vergangenen Jahr als erster Russe wegen Kritik am Krieg ins Gef\u00e4ngnis gesperrt. Es war der Beginn einer Tortur hinter Gittern.\",\"breadcrumb\":{\"@id\":\"https:\\\/\\\/russlandverstehen.eu\\\/de\\\/menschenrechte-in-russland-gorinow-gefaengnis\\\/#breadcrumb\"},\"inLanguage\":\"de\",\"potentialAction\":[{\"@type\":\"ReadAction\",\"target\":[\"https:\\\/\\\/russlandverstehen.eu\\\/de\\\/menschenrechte-in-russland-gorinow-gefaengnis\\\/\"]}]},{\"@type\":\"ImageObject\",\"inLanguage\":\"de\",\"@id\":\"https:\\\/\\\/russlandverstehen.eu\\\/de\\\/menschenrechte-in-russland-gorinow-gefaengnis\\\/#primaryimage\",\"url\":\"https:\\\/\\\/russlandverstehen.eu\\\/wp-content\\\/uploads\\\/800Gorinov.jpg\",\"contentUrl\":\"https:\\\/\\\/russlandverstehen.eu\\\/wp-content\\\/uploads\\\/800Gorinov.jpg\",\"width\":1200,\"height\":800,\"caption\":\"Alexej Gorinow\"},{\"@type\":\"BreadcrumbList\",\"@id\":\"https:\\\/\\\/russlandverstehen.eu\\\/de\\\/menschenrechte-in-russland-gorinow-gefaengnis\\\/#breadcrumb\",\"itemListElement\":[{\"@type\":\"ListItem\",\"position\":1,\"name\":\"Startseite\",\"item\":\"https:\\\/\\\/russlandverstehen.eu\\\/de\\\/\"},{\"@type\":\"ListItem\",\"position\":2,\"name\":\"&#8222;Wer vergessen wird, stirbt leise auf seinem Bett\u201d\"}]},{\"@type\":\"WebSite\",\"@id\":\"\\\/#website\",\"url\":\"\\\/\",\"name\":\"Russland verstehen\",\"description\":\"Zentrum Liberale Moderne\",\"publisher\":{\"@id\":\"\\\/#organization\"},\"potentialAction\":[{\"@type\":\"SearchAction\",\"target\":{\"@type\":\"EntryPoint\",\"urlTemplate\":\"\\\/?s={search_term_string}\"},\"query-input\":{\"@type\":\"PropertyValueSpecification\",\"valueRequired\":true,\"valueName\":\"search_term_string\"}}],\"inLanguage\":\"de\"},{\"@type\":\"Organization\",\"@id\":\"\\\/#organization\",\"name\":\"Russland verstehen\",\"url\":\"\\\/\",\"logo\":{\"@type\":\"ImageObject\",\"inLanguage\":\"de\",\"@id\":\"\\\/#\\\/schema\\\/logo\\\/image\\\/\",\"url\":\"\",\"contentUrl\":\"\",\"caption\":\"Russland verstehen\"},\"image\":{\"@id\":\"\\\/#\\\/schema\\\/logo\\\/image\\\/\"},\"sameAs\":[\"https:\\\/\\\/www.facebook.com\\\/LiberaleModerne\\\/\",\"https:\\\/\\\/x.com\\\/liberalemoderne\"]},{\"@type\":\"Person\",\"@id\":\"\\\/#\\\/schema\\\/person\\\/3dfcbc94ac5da2958e97139722f1e10d\",\"name\":\"\u2003\",\"image\":{\"@type\":\"ImageObject\",\"inLanguage\":\"de\",\"@id\":\"https:\\\/\\\/russlandverstehen.eu\\\/wp-content\\\/uploads\\\/User-150x150.png\",\"url\":\"https:\\\/\\\/russlandverstehen.eu\\\/wp-content\\\/uploads\\\/User-150x150.png\",\"contentUrl\":\"https:\\\/\\\/russlandverstehen.eu\\\/wp-content\\\/uploads\\\/User-150x150.png\",\"caption\":\"\u2003\"},\"url\":\"https:\\\/\\\/russlandverstehen.eu\\\/de\\\/author\\\/zentrum-liberale-moderne\\\/\"}]}<\/script>\n<!-- \/ Yoast SEO Premium plugin. -->","yoast_head_json":{"title":"\"Wer vergessen wird, stirbt leise auf seinem Bett\u201d","description":"Alexej Gorinow wurde im vergangenen Jahr als erster Russe wegen Kritik am Krieg ins Gef\u00e4ngnis gesperrt. Es war der Beginn einer Tortur hinter Gittern.","robots":{"index":"index","follow":"follow","max-snippet":"max-snippet:-1","max-image-preview":"max-image-preview:large","max-video-preview":"max-video-preview:-1"},"canonical":"https:\/\/russlandverstehen.eu\/de\/menschenrechte-in-russland-gorinow-gefaengnis\/","og_locale":"de_DE","og_type":"article","og_title":"\"Wer vergessen wird, stirbt leise auf seinem Bett\u201d","og_description":"Alexej Gorinow wurde im vergangenen Jahr als erster Russe wegen Kritik am Krieg ins Gef\u00e4ngnis gesperrt. Es war der Beginn einer Tortur hinter Gittern.","og_url":"https:\/\/russlandverstehen.eu\/de\/menschenrechte-in-russland-gorinow-gefaengnis\/","og_site_name":"Russland verstehen","article_publisher":"https:\/\/www.facebook.com\/LiberaleModerne\/","article_published_time":"2023-01-28T21:27:20+00:00","article_modified_time":"2026-03-31T15:41:51+00:00","og_image":[{"width":1200,"height":800,"url":"https:\/\/russlandverstehen.eu\/wp-content\/uploads\/800Gorinov.jpg","type":"image\/jpeg"}],"author":"\u2003","twitter_card":"summary_large_image","twitter_creator":"@liberalemoderne","twitter_site":"@liberalemoderne","twitter_misc":{"Verfasst von":"\u2003","Gesch\u00e4tzte Lesezeit":"8\u00a0Minuten"},"schema":{"@context":"https:\/\/schema.org","@graph":[{"@type":"Article","@id":"https:\/\/russlandverstehen.eu\/de\/menschenrechte-in-russland-gorinow-gefaengnis\/#article","isPartOf":{"@id":"https:\/\/russlandverstehen.eu\/de\/menschenrechte-in-russland-gorinow-gefaengnis\/"},"author":{"name":"\u2003","@id":"\/#\/schema\/person\/3dfcbc94ac5da2958e97139722f1e10d"},"headline":"\u201eWer ver\u00adges\u00adsen wird, stirbt leise auf seinem&nbsp;Bett\u201d","datePublished":"2023-01-28T21:27:20+00:00","dateModified":"2026-03-31T15:41:51+00:00","mainEntityOfPage":{"@id":"https:\/\/russlandverstehen.eu\/de\/menschenrechte-in-russland-gorinow-gefaengnis\/"},"wordCount":1474,"publisher":{"@id":"\/#organization"},"image":{"@id":"https:\/\/russlandverstehen.eu\/de\/menschenrechte-in-russland-gorinow-gefaengnis\/#primaryimage"},"thumbnailUrl":"https:\/\/russlandverstehen.eu\/wp-content\/uploads\/800Gorinov.jpg","keywords":["aktuell","Alexei Gorinov","Alexej Gorinow","Menschenrechte","Ukraine-Krieg","Zivilgesellschaft und der Kreml"],"inLanguage":"de"},{"@type":"WebPage","@id":"https:\/\/russlandverstehen.eu\/de\/menschenrechte-in-russland-gorinow-gefaengnis\/","url":"https:\/\/russlandverstehen.eu\/de\/menschenrechte-in-russland-gorinow-gefaengnis\/","name":"\"Wer vergessen wird, stirbt leise auf seinem Bett\u201d","isPartOf":{"@id":"\/#website"},"primaryImageOfPage":{"@id":"https:\/\/russlandverstehen.eu\/de\/menschenrechte-in-russland-gorinow-gefaengnis\/#primaryimage"},"image":{"@id":"https:\/\/russlandverstehen.eu\/de\/menschenrechte-in-russland-gorinow-gefaengnis\/#primaryimage"},"thumbnailUrl":"https:\/\/russlandverstehen.eu\/wp-content\/uploads\/800Gorinov.jpg","datePublished":"2023-01-28T21:27:20+00:00","dateModified":"2026-03-31T15:41:51+00:00","description":"Alexej Gorinow wurde im vergangenen Jahr als erster Russe wegen Kritik am Krieg ins Gef\u00e4ngnis gesperrt. Es war der Beginn einer Tortur hinter Gittern.","breadcrumb":{"@id":"https:\/\/russlandverstehen.eu\/de\/menschenrechte-in-russland-gorinow-gefaengnis\/#breadcrumb"},"inLanguage":"de","potentialAction":[{"@type":"ReadAction","target":["https:\/\/russlandverstehen.eu\/de\/menschenrechte-in-russland-gorinow-gefaengnis\/"]}]},{"@type":"ImageObject","inLanguage":"de","@id":"https:\/\/russlandverstehen.eu\/de\/menschenrechte-in-russland-gorinow-gefaengnis\/#primaryimage","url":"https:\/\/russlandverstehen.eu\/wp-content\/uploads\/800Gorinov.jpg","contentUrl":"https:\/\/russlandverstehen.eu\/wp-content\/uploads\/800Gorinov.jpg","width":1200,"height":800,"caption":"Alexej Gorinow"},{"@type":"BreadcrumbList","@id":"https:\/\/russlandverstehen.eu\/de\/menschenrechte-in-russland-gorinow-gefaengnis\/#breadcrumb","itemListElement":[{"@type":"ListItem","position":1,"name":"Startseite","item":"https:\/\/russlandverstehen.eu\/de\/"},{"@type":"ListItem","position":2,"name":"&#8222;Wer vergessen wird, stirbt leise auf seinem Bett\u201d"}]},{"@type":"WebSite","@id":"\/#website","url":"\/","name":"Russland verstehen","description":"Zentrum Liberale Moderne","publisher":{"@id":"\/#organization"},"potentialAction":[{"@type":"SearchAction","target":{"@type":"EntryPoint","urlTemplate":"\/?s={search_term_string}"},"query-input":{"@type":"PropertyValueSpecification","valueRequired":true,"valueName":"search_term_string"}}],"inLanguage":"de"},{"@type":"Organization","@id":"\/#organization","name":"Russland verstehen","url":"\/","logo":{"@type":"ImageObject","inLanguage":"de","@id":"\/#\/schema\/logo\/image\/","url":"","contentUrl":"","caption":"Russland verstehen"},"image":{"@id":"\/#\/schema\/logo\/image\/"},"sameAs":["https:\/\/www.facebook.com\/LiberaleModerne\/","https:\/\/x.com\/liberalemoderne"]},{"@type":"Person","@id":"\/#\/schema\/person\/3dfcbc94ac5da2958e97139722f1e10d","name":"\u2003","image":{"@type":"ImageObject","inLanguage":"de","@id":"https:\/\/russlandverstehen.eu\/wp-content\/uploads\/User-150x150.png","url":"https:\/\/russlandverstehen.eu\/wp-content\/uploads\/User-150x150.png","contentUrl":"https:\/\/russlandverstehen.eu\/wp-content\/uploads\/User-150x150.png","caption":"\u2003"},"url":"https:\/\/russlandverstehen.eu\/de\/author\/zentrum-liberale-moderne\/"}]}},"jetpack_featured_media_url":"https:\/\/russlandverstehen.eu\/wp-content\/uploads\/800Gorinov.jpg","menu_order":0,"_links":{"self":[{"href":"https:\/\/russlandverstehen.eu\/de\/wp-json\/wp\/v2\/posts\/42706","targetHints":{"allow":["GET"]}}],"collection":[{"href":"https:\/\/russlandverstehen.eu\/de\/wp-json\/wp\/v2\/posts"}],"about":[{"href":"https:\/\/russlandverstehen.eu\/de\/wp-json\/wp\/v2\/types\/post"}],"author":[{"embeddable":true,"href":"https:\/\/russlandverstehen.eu\/de\/wp-json\/wp\/v2\/users\/185"}],"replies":[{"embeddable":true,"href":"https:\/\/russlandverstehen.eu\/de\/wp-json\/wp\/v2\/comments?post=42706"}],"version-history":[{"count":10,"href":"https:\/\/russlandverstehen.eu\/de\/wp-json\/wp\/v2\/posts\/42706\/revisions"}],"predecessor-version":[{"id":49448,"href":"https:\/\/russlandverstehen.eu\/de\/wp-json\/wp\/v2\/posts\/42706\/revisions\/49448"}],"wp:featuredmedia":[{"embeddable":true,"href":"https:\/\/russlandverstehen.eu\/de\/wp-json\/wp\/v2\/media\/42768"}],"wp:attachment":[{"href":"https:\/\/russlandverstehen.eu\/de\/wp-json\/wp\/v2\/media?parent=42706"}],"wp:term":[{"taxonomy":"category","embeddable":true,"href":"https:\/\/russlandverstehen.eu\/de\/wp-json\/wp\/v2\/categories?post=42706"},{"taxonomy":"post_tag","embeddable":true,"href":"https:\/\/russlandverstehen.eu\/de\/wp-json\/wp\/v2\/tags?post=42706"}],"curies":[{"name":"wp","href":"https:\/\/api.w.org\/{rel}","templated":true}]}}