{"id":53875,"date":"2026-03-31T11:12:18","date_gmt":"2026-03-31T09:12:18","guid":{"rendered":"https:\/\/russlandverstehen.eu\/?p=53875"},"modified":"2026-03-31T23:30:46","modified_gmt":"2026-03-31T21:30:46","slug":"russlands-ethnische-minderheiten-zwischen-unterdrckung-und-dekolonisierung","status":"publish","type":"post","link":"https:\/\/russlandverstehen.eu\/de\/russlands-ethnische-minderheiten-zwischen-unterdrckung-und-dekolonisierung\/","title":{"rendered":"Russ\u00adlands eth\u00adni\u00adsche Min\u00adder\u00adhei\u00adten: Zwi\u00adschen Unter\u00addr\u00fc\u00adckung und Dekolonisierung"},"content":{"rendered":"<div class=\"wpb-content-wrapper\"><p>[vc_row][vc_column][vc_column_text css=\u201e\u201c]<img class=\"alignnone wp-image-53876 size-full\" src=\"https:\/\/russlandverstehen.eu\/wp-content\/uploads\/imago829843316_1200x500.jpg\" alt width=\"1200\" height=\"500\" srcset=\"https:\/\/russlandverstehen.eu\/wp-content\/uploads\/imago829843316_1200x500.jpg 1200w, https:\/\/russlandverstehen.eu\/wp-content\/uploads\/imago829843316_1200x500-770x321.jpg 770w, https:\/\/russlandverstehen.eu\/wp-content\/uploads\/imago829843316_1200x500-768x320.jpg 768w\" sizes=\"(max-width: 1200px) 100vw, 1200px\"><\/p>\n<p>[\/vc_column_text][\/vc_column][\/vc_row][vc_row css=\u201c.vc_custom_1508251598805{margin-top: 30px !important;}\u201c][vc_column width=\u201e2\/3\u201c css=\u201c.vc_custom_1508252250311{padding-right: 20px !important;}\u201c][vc_column_text css=\u201e\u201c]<\/p>\n<p style=\"text-align: right;\"><em>Junge Frauen w\u00e4hrend der Feiern zum Welttag der Indi\u00adge\u00adnen V\u00f6lker am 9.&nbsp;August 2025&nbsp;in der nord\u00adsi\u00adbi\u00adri\u00adschen Stadt Dudinka. In diesem Jahr soll erst\u00admals ein \u201eTag der Indi\u00adge\u00adnen kleinen V\u00f6lker Russ\u00adlands\u201c began\u00adgen werden \u2013 am 30.&nbsp;April. Ein Dekret dazu hatte Putin im Novem\u00adber unter\u00adzeich\u00adnet. Foto:&nbsp;IMAGO<\/em><\/p>\n<p>[\/vc_column_text][vc_column_text css=\u201e\u201c]<\/p>\n<h3>Offi\u00adzi\u00adell ist Russ\u00adland ein Viel\u00adv\u00f6l\u00adker\u00adstaat dessen eth\u00adni\u00adsche Min\u00adder\u00adhei\u00adten von der Ver\u00adfas\u00adsung Schutz genie\u00ad\u00dfen. In Wirk\u00adlich\u00adkeit werden die Rechte der nicht\u00adrus\u00adsi\u00adschen V\u00f6lker seit Jahren dras\u00adtisch ein\u00adge\u00adschr\u00e4nkt, seit 2024 droht allen, die sich in Russ\u00adland f\u00fcr eth\u00adni\u00adsche und indi\u00adgene Gruppen ein\u00adset\u00adzen, Straf\u00adver\u00adfol\u00adgung unter den dra\u00adko\u00adni\u00adschen Extre\u00admis\u00adten-Geset\u00adzen des Landes. <em>Yeli\u00adza\u00adveta Lan\u00adden\u00adber\u00adger<\/em> fasst die Situa\u00adtion&nbsp;zusammen.<\/h3>\n<p><!--more--><\/p>\n<p>Im Deut\u00adschen ist die Unter\u00adschei\u00addung der Begriffe \u201eruss\u00adl\u00e4n\u00addisch\u201c und \u201erus\u00adsisch\u201c, die es im Rus\u00adsi\u00adschen gibt, nach wie vor eher un\u00fcb\u00adlich. Dabei ist sie durch\u00adaus sinn\u00advoll \u2013 viele Ein\u00adwoh\u00adner Russ\u00adlands (\u201eRuss\u00adl\u00e4n\u00adder\u201c) sind keine eth\u00adni\u00adschen Russen \u2013 laut letztem Zensus geben <a href=\"https:\/\/www.zois-berlin.de\/en\/publications\/zois-spotlight\/russias-ethnic-minorities-and-the-shrinking-scope-for-activism\">71 Prozent<\/a> an, rus\u00adsisch zu sein, sch\u00e4t\u00adzungs\u00adweise etwa jeder vierte oder f\u00fcnfte Ein\u00adwoh\u00adner w\u00e4re demnach Ange\u00adh\u00f6\u00adri\u00adger indi\u00adge\u00adner V\u00f6lker oder eth\u00adni\u00adscher Min\u00adder\u00adhei\u00adten. Offi\u00adzi\u00adell wird von natio\u00adna\u00adler Zuge\u00adh\u00f6\u00adrig\u00adkeit bzw. Natio\u00adna\u00adli\u00adt\u00e4t gespro\u00adchen. In der Ver\u00adfas\u00adsung der Rus\u00adsi\u00adschen F\u00f6de\u00adra\u00adtion ist gleich am Anfang in der Pr\u00e4\u00adam\u00adbel vom \u201emul\u00adti\u00adna\u00adtio\u00adna\u00adlen Volk der Rus\u00adsi\u00adschen F\u00f6de\u00adra\u00adtion\u201c die Rede, das \u201edie einzige Quelle der Macht\u201c bilde. Als eth\u00adni\u00adsche Min\u00adder\u00adhei\u00adten werden die gr\u00f6\u00ad\u00dfe\u00adren Gruppen wie Tataren, Basch\u00adki\u00adren oder Jakuten bezeich\u00adnet. Indi\u00adgene V\u00f6lker sind laut rus\u00adsi\u00adschem Gesetz eth\u00adni\u00adsche Gemein\u00adschaf\u00adten mit weniger als 50.000 Ange\u00adh\u00f6\u00adri\u00adgen, die in den Sied\u00adlungs\u00adge\u00adbie\u00adten ihrer Vor\u00adfah\u00adren leben. Ins\u00adge\u00adsamt gibt es ca. 315.000 Per\u00adso\u00adnen aus dieser Gruppe, wobei Nenzen die gr\u00f6\u00dfte Gruppe&nbsp;bilden.<\/p>\n<h2>Russ\u00adlands kolo\u00adniale&nbsp;Geschichte<\/h2>\n<p>Diese Mul\u00adti\u00adna\u00adtio\u00adna\u00adli\u00adt\u00e4t hat his\u00adto\u00adri\u00adsche Gr\u00fcnde. Ab dem 16. Jahr\u00adhun\u00addert begann Moskau eine kolo\u00adniale Expan\u00adsion nach S\u00fcden und Osten, die sich schlie\u00df\u00adlich bis an den Pazifik erstreckte und zeit\u00adweise gar Alaska ein\u00adschloss, und inte\u00adgrierte Ter\u00adri\u00adto\u00adrien ins Zaren\u00adreich, auf denen andere V\u00f6lker lebten. Sie wurden gewalt\u00adsam erobert, rus\u00adsi\u00adfi\u00adziert und teil\u00adweise chris\u00adtia\u00adni\u00adsiert. Diese Erobe\u00adrun\u00adgen sind der Grund, weshalb die Rus\u00adsi\u00adsche F\u00f6de\u00adra\u00adtion heute das Land mit der gr\u00f6\u00dften Fl\u00e4che der Welt ist. Die kolo\u00adniale Ver\u00adgan\u00adgen\u00adheit wurde in Russ\u00adland nie auf\u00adge\u00adar\u00adbei\u00adtet und ist auch im Ausland ver\u00adgleichs\u00adweise wenig bekannt. Im Zuge des Zer\u00adfalls der Sowjet\u00adunion streb\u00adten einige der kolo\u00adni\u00adsier\u00adten Regio\u00adnen wieder nach Selbstbestimmung.<\/p>\n<p>1991 erkl\u00e4rte sich Tsche\u00adtsche\u00adnien (als \u201eTsche\u00adtsche\u00adni\u00adsche Repu\u00adblik Itsch\u00adke\u00adrien\u201c) f\u00fcr unab\u00adh\u00e4n\u00adgig, andere Regio\u00adnen ver\u00adlaut\u00adbar\u00adten Sou\u00adve\u00adr\u00e4\u00adni\u00adt\u00e4ts\u00ader\u00adkl\u00e4\u00adrun\u00adgen f\u00fcr mehr Auto\u00adno\u00admie inner\u00adhalb der Rus\u00adsi\u00adschen F\u00f6de\u00adra\u00adtion, etwa Tatar\u00adstan, Jaku\u00adtien (Sacha) und Basch\u00adkor\u00adto\u00adstan. Die indi\u00adge\u00adnen V\u00f6lker und Min\u00adder\u00adhei\u00adten wollten mehr kul\u00adtu\u00adrelle und poli\u00adti\u00adsche Eigen\u00adst\u00e4n\u00addig\u00adkeit sowie die Kon\u00adtrolle \u00fcber ihre eigenen Res\u00adsour\u00adcen \u2013 Jaku\u00adtien etwa verf\u00fcgt neben Erd\u00f6l, Erdgas und Kohle auch \u00fcber Metalle, Mine\u00adra\u00adlien, Dia\u00adman\u00adten und Gold. Tsche\u00adtsche\u00adnien wurde mittels zweier bru\u00adta\u00adler Kriege zwangs\u00adweise in die Rus\u00adsi\u00adsche F\u00f6de\u00adra\u00adtion re-inte\u00adgriert, die anderen Regio\u00adnen ver\u00adlo\u00adren unter der Herr\u00adschaft Wla\u00addi\u00admir Putins die meisten ihrer Auto\u00adno\u00admie\u00adrechte aus den Neunzigerjahren.<\/p>\n<h2>Benach\u00adtei\u00adli\u00adgung steht an der Tagesordnung<\/h2>\n<p>Es besteht in der Rus\u00adsi\u00adschen F\u00f6de\u00adra\u00adtion ein starkes \u00f6ko\u00adno\u00admi\u00adsches Gef\u00e4lle zwi\u00adschen den St\u00e4dten im Westen des Landes, allen voran Moskau und Sankt Peters\u00adburg, und den rest\u00adli\u00adchen Regio\u00adnen, von denen viele von indi\u00adge\u00adnen V\u00f6lkern und Min\u00adder\u00adhei\u00adten bewohnt werden. Dort sind die Armuts\u00adquo\u00adten hoch, die Infra\u00adstruk\u00adtur ist schwach aus\u00adge\u00adbaut und die vor\u00adhan\u00addene marode. Im Kontext des Krieges werden \u00fcber\u00adpro\u00adpor\u00adtio\u00adnal viele Ange\u00adh\u00f6\u00adrige eth\u00adni\u00adscher Min\u00adder\u00adhei\u00adten und indi\u00adge\u00adner V\u00f6lker durch die pre\u00adk\u00e4\u00adren Lebens\u00adbe\u00addin\u00adgun\u00adgen dazu moti\u00adviert, einen Vertrag bei der Armee zu unter\u00adschrei\u00adben, oder zwangsmobilisiert.<\/p>\n<p>Einer <a href=\"https:\/\/www.dekoder.org\/de\/article\/verluste-russland-krieg-burjatien-armut\/\">Recher\u00adche des Lokal\u00adme\u00addi\u00adums Ljudi Baikala<\/a> zufolge haben die Ein\u00adwoh\u00adner der Repu\u00adblik Bur\u00adja\u00adten im Osten der Rus\u00adsi\u00adschen F\u00f6de\u00adra\u00adtion, wo die Min\u00adder\u00adheit der Bur\u00adja\u00adten einen signi\u00adfi\u00adkan\u00adten Anteil der Bev\u00f6l\u00adke\u00adrung aus\u00admacht, ein rund 30 Mal h\u00f6heres Risiko im Krieg in der Ukraine zu sterben als die Ein\u00adwoh\u00adner Moskaus. Das unab\u00adh\u00e4n\u00adgige rus\u00adsi\u00adsche Medium Media\u00adzona <a href=\"https:\/\/en.zona.media\/article\/2026\/03\/27\/casualties_eng-trl\">wertet in einem gro\u00df\u00adan\u00adge\u00adleg\u00adten Projekt Todes\u00adan\u00adzei\u00adgen aus<\/a>, um daraus die Zahl der im Krieg gefal\u00adle\u00adnen Sol\u00adda\u00adten zu rekon\u00adstru\u00adie\u00adren. Auch dort zeich\u00adnet sich dieser Kon\u00adtrast von Zentrum und Peri\u00adphe\u00adrie ab: Die zah\u00adlen\u00adm\u00e4\u00ad\u00dfig meisten der gegen\u00adw\u00e4r\u00adtig 206.202 best\u00e4\u00adtig\u00adten Toten stammen aus Basch\u00adkor\u00adto\u00adstan, gefolgt von&nbsp;Tatarstan.<\/p>\n<p>Dis\u00adkri\u00admi\u00adnie\u00adrung gibt es zudem auf der Ebene eines all\u00adge\u00admei\u00adnen Ras\u00adsis\u00admus gegen\u00ad\u00fcber Ein\u00adwan\u00adde\u00adrern, aber auch Min\u00adder\u00adhei\u00adten. Die Ver\u00adfas\u00adsung der Rus\u00adsi\u00adschen F\u00f6de\u00adra\u00adtion soll eigent\u00adlich den Schutz der eth\u00adnisch-kul\u00adtu\u00adrel\u00adlen Viel\u00adfalt garan\u00adtie\u00adren, doch die Rea\u00adli\u00adt\u00e4t ist eine andere. 2017 wurde der obli\u00adga\u00adto\u00adri\u00adsche Schul\u00adun\u00adter\u00adricht in der jewei\u00adli\u00adgen Regio\u00adnal\u00adspra\u00adche abge\u00adschafft. Dis\u00adkri\u00admi\u00adnie\u00adrung ist tief in der Gesell\u00adschaft ver\u00adwur\u00adzelt. Es ist \u00fcblich, dass etwa bei Woh\u00adnungs\u00adan\u00adzei\u00adgen \u201enur an Slawen\u201c ver\u00admie\u00adtet wird, \u201eNicht\u00adrusse\u201c hat sich als Schimpf\u00adwort eta\u00adbliert \u2013 wurde aber dann wie\u00adderum von deko\u00adlo\u00adnia\u00adlen Akti\u00advis\u00adten im Exil zur empowern\u00adden Selbst\u00adbe\u00adzeich\u00adnung umge\u00adkehrt. Laut <a href=\"https:\/\/www.currenttime.tv\/a\/kak-korennye-narody-boryutsya-s-rasizmom-v-rossii-i-emigratsii\/33483825.html\">Recher\u00adchen des US-finan\u00adzier\u00adten Senders Currenttime.tv<\/a> haben Feind\u00adse\u00adlig\u00adkei\u00adten gegen Zuwan\u00adde\u00adrer sowie indi\u00adgene V\u00f6lker und eth\u00adni\u00adsche Min\u00adder\u00adhei\u00adten mit Beginn der Gro\u00df\u00adin\u00adva\u00adsion sogar&nbsp;zugenommen.<\/p>\n<h2>Gezielte Repres\u00adsio\u00adnen und deko\u00adlo\u00adnia\u00adler&nbsp;Schein<\/h2>\n<p>Seit 2022 sind die indi\u00adge\u00adnen V\u00f6lker Russ\u00adlands zuneh\u00admend unbarm\u00adher\u00adzi\u00adgen Repres\u00adsio\u00adnen aus\u00adge\u00adsetzt. Im Juni 2024 <a href=\"https:\/\/www.bbc.com\/russian\/articles\/ckkk4z101qzo\">erkl\u00e4rte das rus\u00adsi\u00adsche Oberste Gericht<\/a> eine (nicht exis\u00adtie\u00adrende) \u201eanti\u00adrus\u00adsi\u00adsche sepa\u00adra\u00adtis\u00adti\u00adsche Bewe\u00adgung\u201c zur extre\u00admis\u00adti\u00adschen Orga\u00adni\u00adsa\u00adtion. Dieser juris\u00adti\u00adsche Schach\u00adzug, der auch gegen die LGBT-Bewe\u00adgung ange\u00adwen\u00addet wurde, erlaubt es der rus\u00adsi\u00adschen Justiz, die dra\u00adko\u00adni\u00adschen Extre\u00admis\u00admus-Gesetze fak\u00adtisch gegen alle ein\u00adzu\u00adset\u00adzen, die sich f\u00fcr die Rechte von eth\u00adni\u00adschen Min\u00adder\u00adhei\u00adten und Indi\u00adge\u00adnen ein\u00adset\u00adzen. Bislang sind davon 50 Orga\u00adni\u00adsa\u00adtion&nbsp;betroffen.<\/p>\n<p>Am 17.&nbsp;Dezem\u00adber fanden bei min\u00addes\u00adtens 17 Akti\u00advis\u00adten Durch\u00adsu\u00adchun\u00adgen statt. Die Klima- und Men\u00adschen\u00adrechts\u00adak\u00adti\u00advis\u00adtin Darja Jege\u00adrewa (Egereva), als Sel\u00adku\u00adpin Ange\u00adh\u00f6\u00adrige eines sibi\u00adri\u00adschen Volkes mit gesch\u00e4tzt gerade einmal 3.500 Mit\u00adglie\u00addern, sowie eine unbe\u00adkannte Person wurden dabei ver\u00adhaf\u00adtet. Jege\u00adrewa sitzt derzeit in Unter\u00adsu\u00adchungs\u00adhaft, ihr drohen wegen angeb\u00adli\u00adcher Betei\u00adli\u00adgung an einer ter\u00adro\u00adris\u00adti\u00adschen Orga\u00adni\u00adsa\u00adtion bis zu 20 Jahre&nbsp;Gef\u00e4ngnis.<\/p>\n<p>Sarah Reinke, Lei\u00adte\u00adrin der Men\u00adschen\u00adrechts\u00adar\u00adbeit bei der Gesell\u00adschaft f\u00fcr bedrohte V\u00f6lker (GfbV) sagt: \u201eRuss\u00adland hat die Ver\u00adfol\u00adgung indi\u00adge\u00adner Akti\u00advis\u00adten in den ver\u00adgan\u00adge\u00adnen Monaten inten\u00adsi\u00adviert.\u201c Es handele sich um eine sys\u00adte\u00adma\u00adti\u00adsche Kam\u00adpa\u00adgne. Die \u201eIndi\u00adge\u00adnous of Russia Foun\u00adda\u00adtion\u201c erkl\u00e4rt: \u201eRuss\u00adland ver\u00adfolgt auf\u00adgrund seiner kolo\u00adnia\u00adlen Natur indi\u00adgene V\u00f6lker in gro\u00dfem Ma\u00dfstab. Die einzige Rolle, die Russ\u00adland f\u00fcr indi\u00adgene V\u00f6lker hat, ist die einer Puppe in bunten Klei\u00addern, um Pro\u00adpa\u00adganda \u00fcber Russ\u00adland als anti\u00adim\u00adpe\u00adria\u00adlis\u00adti\u00adsche Macht zu produzieren.\u201c<\/p>\n<p>Tat\u00ads\u00e4ch\u00adlich <a href=\"https:\/\/meduza.io\/news\/2025\/11\/04\/putin-uchredil-den-korennyh-narodov-rossii\">f\u00fchrte Putin per Dekret<\/a> im Novem\u00adber 2025 den \u201eTag der Spra\u00adchen der Rus\u00adsi\u00adschen F\u00f6de\u00adra\u00adtion\u201c und den \u201eTag der indi\u00adge\u00adnen Min\u00adder\u00adhei\u00adten der Rus\u00adsi\u00adschen F\u00f6de\u00adra\u00adtion\u201c als natio\u00adnale Fei\u00ader\u00adtage ein. Letz\u00adte\u00adrer solle \u201edie tra\u00addi\u00adtio\u00adnelle Lebens\u00adweise, die wirt\u00adschaft\u00adli\u00adche T\u00e4tig\u00adkeit, die Hand\u00adwerks\u00adbe\u00adrufe und die eigen\u00adst\u00e4n\u00addige Kultur\u201c der V\u00f6lker bewah\u00adren. W\u00e4hrend die rus\u00adsi\u00adsche F\u00fchrung einer\u00adseits poli\u00adti\u00adsche Akti\u00advis\u00adten unte\u00addr\u00fcckt, wohl auch, weil sie Unab\u00adh\u00e4n\u00adgig\u00adkeits\u00adbe\u00adstre\u00adbun\u00adgen wie es sie in den 1990er Jahren gab, f\u00fcrch\u00adtet, baut sie zugleich eine deko\u00adlo\u00adniale Fassade auf, die etwa im glo\u00adba\u00adlen S\u00fcden impo\u00adnie\u00adren&nbsp;soll.<\/p>\n<p>Der Krieg und die resul\u00adtie\u00adrende ideo\u00adlo\u00adgi\u00adsche Beto\u00adnung der \u201eEinheit der V\u00f6lker Russ\u00adlands\u201c \u2013 Putin <a href=\"http:\/\/en.kremlin.ru\/events\/president\/news\/79106\">stellte das lau\u00adfende Jahr gar unter dieses Motto<\/a> \u2013 sorgen daf\u00fcr, dass weder Dissens noch wahre Plu\u00adra\u00adli\u00adt\u00e4t gedul\u00addet werden. Poli\u00adtisch aktive Ange\u00adh\u00f6\u00adrige eth\u00adni\u00adscher Min\u00adder\u00adhei\u00adten und indi\u00adge\u00adner V\u00f6lker, die etwa For\u00adde\u00adrung nach Umwelt- und Kul\u00adtur\u00adschutz stellen, sind aus Sicht des Kremls St\u00f6r\u00adfak\u00adto\u00adren f\u00fcr den Zusam\u00admen\u00adhalt der kriegs\u00adf\u00fch\u00adren\u00adden Gesell\u00adschaft. Die radi\u00adka\u00adle\u00adren Stimmen unter den deko\u00adlo\u00adnia\u00adlen Akti\u00advis\u00adten, die offen eine Auf\u00adspal\u00adtung Russ\u00adlands in unab\u00adh\u00e4n\u00adgige Repu\u00adbli\u00adken fordern, dienen dem Kreml als Vorwand, um alle unter Gene\u00adral\u00adver\u00addacht zu&nbsp;stellen.<\/p>\n<h2>Deko\u00adlo\u00adni\u00adsie\u00adrung als Agenda der neuen PACE-Plattform<\/h2>\n<p>W\u00e4hrend in Russ\u00adland die Repres\u00adsio\u00adnen weiter zuneh\u00admen, gibt es im Exil hoff\u00adnungs\u00advol\u00adlere Ent\u00adwick\u00adlun\u00adgen. Am 1.&nbsp;Oktober 2025 ver\u00adab\u00adschie\u00addete die Par\u00adla\u00admen\u00adta\u00adri\u00adsche Ver\u00adsamm\u00adlung des Euro\u00adpa\u00adrats (PACE) eine <a href=\"https:\/\/pace.coe.int\/en\/files\/35684\/html\">Reso\u00adlu\u00adtion zur Schaf\u00adfung einer \u201ePlatt\u00adform f\u00fcr den Dialog mit rus\u00adsi\u00adschen demo\u00adkra\u00adti\u00adschen Kr\u00e4ften\u201c<\/a>. Mit der Platt\u00adform soll es erst\u00admals auf euro\u00adp\u00e4i\u00adscher Ebene eine Insti\u00adtu\u00adtion geben, die demo\u00adkra\u00adtisch gesinnte Russen repr\u00e4\u00adsen\u00adtiert und ihnen ein Sprach\u00adrohr ver\u00adleiht. (Von 1996 bis 2022 war auch Russ\u00adland PACE-Mit\u00adglied, doch nach Beginn der Gro\u00df\u00adin\u00adva\u00adsion in die Ukraine wurde das Land aus dem Euro\u00adpa\u00adrat aus\u00adge\u00adschlos\u00adsen.) Die Mit\u00adglie\u00adder der Platt\u00adform sollen bekannte Per\u00ads\u00f6n\u00adlich\u00adkei\u00adten von \u201eh\u00f6chs\u00adter mora\u00adli\u00adscher Inte\u00adgri\u00adt\u00e4t\u201c aus dem Exil sein und j\u00e4hr\u00adlich wech\u00adseln. Da ihnen die Legi\u00adti\u00adma\u00adtion durch freie Wahlen fehlt, besit\u00adzen sie kein Stimm\u00adrecht bei PACE-Reso\u00adlu\u00adtio\u00adnen. Sie k\u00f6nnen jedoch an Arbeits\u00adgrup\u00adpen teil\u00adneh\u00admen und haben bera\u00adtende&nbsp;Funktion.<\/p>\n<p>Am 29.&nbsp;Januar fand in Stra\u00df\u00adburg das erste Treffen der Platt\u00adform unter Aus\u00adschluss der \u00d6ffent\u00adlich\u00adkeit statt. Bemer\u00adkens\u00adwert \u2013 und inner\u00adhalb der rus\u00adsi\u00adschen Oppo\u00adsi\u00adtion beson\u00adders umstrit\u00adten \u2013 ist ihr starker Fokus auf eth\u00adni\u00adsche Min\u00adder\u00adhei\u00adten und Indi\u00adgene. <a href=\"https:\/\/pace.coe.int\/en\/files\/35684\/html\">In der PACE-Reso\u00adlu\u00adtion<\/a> wird betont, dass die \u201eFrage der Rechte der indi\u00adge\u00adnen V\u00f6lker und natio\u00adna\u00adlen Min\u00adder\u00adhei\u00adten der Rus\u00adsi\u00adschen F\u00f6de\u00adra\u00adtion\u201c sowie die Bereit\u00adschaft zu einem bedeut\u00adsa\u00admen Dialog mit deren Ver\u00adtre\u00adtern eine ent\u00adschei\u00addende Rolle bei der Gestal\u00adtung eines demo\u00adkra\u00adti\u00adschen poli\u00adti\u00adschen Systems spielen: \u201eDie Ange\u00adle\u00adgen\u00adheit der \u00dcber\u00adwin\u00addung des kolo\u00adnia\u00adlen Erbes der Rus\u00adsi\u00adschen F\u00f6de\u00adra\u00adtion m\u00fcsste ange\u00adgan\u00adgen werden, ein\u00adschlie\u00df\u00adlich der Anlie\u00adgen und Inter\u00ades\u00adsen der indi\u00adge\u00adnen und kolo\u00adnia\u00adli\u00adsier\u00adten V\u00f6lker, die in den Gebie\u00adten der kon\u00adsti\u00adtu\u00adie\u00adren\u00adden Ein\u00adhei\u00adten der Rus\u00adsi\u00adschen F\u00f6de\u00adra\u00adtion&nbsp;leben.\u201c<\/p>\n<p>Ent\u00adspre\u00adchend ist laut der Reso\u00adlu\u00adtion ein Drittel der Sitze der Platt\u00adform f\u00fcr Ver\u00adtre\u00adter indi\u00adge\u00adner V\u00f6lker und Min\u00adder\u00adhei\u00adten reser\u00adviert. Diese ver\u00adgleichs\u00adweise hohe Quote geht ma\u00df\u00adgeb\u00adlich auf die Initia\u00adtive der ukrai\u00adni\u00adschen PACE-Dele\u00adga\u00adtion zur\u00fcck, die der Ein\u00adrich\u00adtung der rus\u00adsi\u00adschen Platt\u00adform eher skep\u00adtisch gegen\u00ad\u00fcber\u00adstand und ein Gegen\u00adge\u00adwicht zu den pro\u00admi\u00adnen\u00adten rus\u00adsi\u00adschen Oppo\u00adsi\u00adtio\u00adnel\u00adlen schaf\u00adfen wollte. Zu den Mit\u00adglie\u00addern geh\u00f6ren der tsche\u00adtsche\u00adni\u00adsche Poli\u00adtik\u00adwis\u00adsen\u00adschaft\u00adler Ruslan Kutaev, fr\u00fc\u00adhe\u00adrer Vize\u00adpre\u00admier\u00admi\u00adnis\u00adter der Tsche\u00adtsche\u00adni\u00adschen Repu\u00adblik Itsch\u00adke\u00adrien und ehe\u00adma\u00adli\u00adger poli\u00adti\u00adscher Gefan\u00adge\u00adner; Eka\u00adte\u00adrina Kuz\u00adnets\u00adova, K\u00fcnst\u00adle\u00adrin und Vor\u00adsit\u00adzende des Hauses Ingria im est\u00adni\u00adschen Narva; Pavel Suly\u00adand\u00adziga, Akti\u00advist des ost\u00adsi\u00adbi\u00adri\u00adschen Udege-Volkes und Gr\u00fcnder der Batani-Stif\u00adtung zum Schutz kleiner indi\u00adge\u00adner V\u00f6lker; Lana Pylaeva, Lei\u00adte\u00adrin des unab\u00adh\u00e4n\u00adgi\u00adgen Medi\u00aden\u00adpor\u00adtals \u201eKomi Daily\u201c; sowie Wassili \u201eBatlai\u201c Matenow, Redak\u00adti\u00adons\u00admit\u00adglied des Mediums \u201e<a href=\"https:\/\/www.asiansofrussia.com\/\">Asians of Russia<\/a>\u201c und bur\u00adja\u00adti\u00adscher deko\u00adlo\u00adnia\u00adler&nbsp;Aktivist.<\/p>\n<p>Es wird sich zeigen, wie ein\u00adfluss\u00adreich die Platt\u00adform wirk\u00adlich ist, und ob sie ein neues breites Bewusst\u00adsein f\u00fcr Russ\u00adlands kolo\u00adniale Geschichte und dis\u00adkri\u00admi\u00adnie\u00adrende Gegen\u00adwart gegen Ange\u00adh\u00f6\u00adrige indi\u00adge\u00adner V\u00f6lker und eth\u00adni\u00adscher Min\u00adder\u00adhei\u00adten eta\u00adblie\u00adren kann.[\/vc_column_text][vc_column_text css=\u201e\u201c]<em>Yeli\u00adza\u00adveta (Eli\u00adsa\u00adbeth) Lan\u00adden\u00adber\u00adger ist freie Jour\u00adna\u00adlis\u00adtin sowie wis\u00adsen\u00adschaft\u00adli\u00adche Mit\u00adar\u00adbei\u00adte\u00adrin am Insti\u00adtut f\u00fcr Sla\u00adwis\u00adtik der Hum\u00adboldt-Uni\u00adver\u00adsi\u00adt\u00e4t zu&nbsp;Berlin.<\/em><\/p>\n<p><img src=\"https:\/\/russlandverstehen.eu\/wp-content\/uploads\/textende.png\" alt=\"Textende\" width=\"40\" height=\"120\">[\/vc_column_text][vc_separator][vc_column_text]Hat Ihnen unser Beitrag gefal\u00adlen? Dann spenden Sie doch einfach und bequem \u00fcber unser Spen\u00adden\u00adtool. Sie unter\u00adst\u00fct\u00adzen damit die publi\u00adzis\u00adti\u00adsche Arbeit von&nbsp;LibMod.<\/p>\n<p>[\/vc_column_text][vc_column_text]<script type=\"text\/javascript\">\n\t(function() {\n\t\tvar u=\"https:\/\/spenden.twingle.de\/embed\/genericorganisation\/genericproject\/tw5aeafe12eb6cb\/widget\";\n\t\tvar id = '_' + Math.random().toString(36).substr(2, 9);\n\t\tvar d=document, g=d.createElement('script'), s=d.getElementsByTagName('script')[0];\n\t\tdocument.write('<div id=\"twingle-public-embed-' + id + '\"><\/div>');\n\t\tg.type='text\/javascript'; g.async=true; g.defer=true; g.src=u+'\/'+id; s.parentNode.insertBefore(g,s);\n\t})();\n<\/script>[\/vc_column_text][vc_column_text]Wir sind als gemein\u00adn\u00fct\u00adzig aner\u00adkannt, ent\u00adspre\u00adchend sind Spenden steu\u00ader\u00adlich absetz\u00adbar. F\u00fcr eine Spen\u00adden\u00adbe\u00adschei\u00adni\u00adgung (n\u00f6tig bei einem Betrag \u00fcber 200 EUR), senden Sie Ihre Adress\u00adda\u00adten bitte an <a href=\"mailto:finanzen@libmod.de\">finanzen@libmod.de<\/a><\/p>\n<p>&nbsp;<\/p>\n<p>[\/vc_column_text][\/vc_column][vc_column width=\u201e1\/3\u201c el_class=\u201edimmer\u201c][vc_empty_space height=\u201e130px\u201c][vc_column_text]<\/p>\n<h2>Ver\u00adwandte&nbsp;Themen<\/h2>\n<p>[\/vc_column_text][vc_basic_grid post_type=\u201epost\u201c max_items=\u201e3\u201c element_width=\u201e12\u201c item=\u201e24066\u201c css=\u201c.vc_custom_1774971740543{background-color: #ffffff !important;}\u201c grid_id=\u201evc_gid:1774971746493\u201362a50272-fcef\u20119\u201c taxonomies=\u201e16139, 15189\u201c][vc_row_inner css=\u201c.vc_custom_1598525753249{margin-top: 15px !important;margin-right: \u201111px !important;margin-left: 0px !important;background-color: #0084a3 !important;}\u201c][vc_column_inner][vc_column_text css=\u201c.vc_custom_1738183070364{margin-top: \u201120px !important;margin-bottom: 5px !important;}\u201c]<\/p>\n<h3><span style=\"color: #ffffff;\">News\u00adlet\u00adter&nbsp;bestellen<\/span><\/h3>\n<p>[\/vc_column_text][vc_column_text css=\u201e\u201c]<\/p>\n<style type=\"text\/css\"><span data-mce-type=\"bookmark\" style=\"width: 0px;overflow: hidden;line-height: 0\" class=\"mce_SELRES_start\">\ufeff<\/span><span data-mce-type=\"bookmark\" style=\"width: 0px;overflow: hidden;line-height: 0\" class=\"mce_SELRES_start\">\ufeff<\/span><span data-mce-type=\"bookmark\" style=\"width: 0px;overflow: hidden;line-height: 0\" class=\"mce_SELRES_start\">\ufeff<\/span><span data-mce-type=\"bookmark\" style=\"width: 0px;overflow: hidden;line-height: 0\" class=\"mce_SELRES_start\">\ufeff<\/span><br \/>\t#mc_embed_signup{background:#b20062; clear:left; font:14px Helvetica,Arial,sans-serif; }<br \/>\t\/* Add your own Mailchimp form style overrides in your site stylesheet or in this style block.<br \/>\t   We recommend moving this block and the preceding CSS link to the HEAD of your HTML file. *\/<br \/><\/style>\n<div id=\"mc_embed_signup\">\n<div id=\"mc_embed_signup_scroll\">\n<p style=\"text-align: left;\"><!-- real people should not fill this in and expect good things - do not remove this or risk form bot signups--><span style=\"color: #ffffff;\">Mit unseren<\/span>&nbsp;<a style=\"color: #ffffff;\" href=\"https:\/\/libmod.de\/datenschutzerklaerung\/\" target=\"_blank\" rel=\"noopener noreferrer\">Daten\u00adschutz\u00adbe\u00adstim\u00admun\u00adgen<\/a> <span style=\"color: #ffffff;\">erkl\u00e4\u00adren Sie sich einverstanden.<\/span><\/p>\n<p style=\"text-align: right;\">\n<\/p><\/div>\n<\/div>\n<p>[\/vc_column_text][\/vc_column_inner][\/vc_row_inner][\/vc_column][\/vc_row]<\/p>\n<\/div>","protected":false},"excerpt":{"rendered":"<p>Offi\u00adzi\u00adell ist Russ\u00adland ein Viel\u00adv\u00f6l\u00adker\u00adstaat dessen eth\u00adni\u00adsche Min\u00adder\u00adhei\u00adten von der Ver\u00adfas\u00adsung Schutz genie\u00ad\u00dfen. In Wirk\u00adlich\u00adkeit werden die Rechte der nicht\u00adrus\u00adsi\u00adschen V\u00f6lker seit Jahren dras\u00adtisch ein\u00adge\u00adschr\u00e4nkt, seit 2024 droht allen, die sich in Russ\u00adland f\u00fcr eth\u00adni\u00adsche und indi\u00adgene Gruppen ein\u00adset\u00adzen, Straf\u00adver\u00adfol\u00adgung unter den dra\u00adko\u00adni\u00adschen Extre\u00admis\u00adten-Geset\u00adzen des Landes. Yeli\u00adza\u00adveta Lan\u00adden\u00adber\u00adger fasst die Situa\u00adtion&nbsp;zusammen.<\/p>\n","protected":false},"author":185,"featured_media":53882,"comment_status":"closed","ping_status":"closed","sticky":false,"template":"","format":"standard","meta":{"_acf_changed":false,"wp_typography_post_enhancements_disabled":false,"footnotes":""},"categories":[20],"tags":[13811,16139,15115,16137,15189,16138,16140,30,104],"class_list":["post-53875","post","type-post","status-publish","format-standard","has-post-thumbnail","category-analyse","tag-aktuell","tag-ethnische-minderheiten","tag-europarat","tag-indigene-voelker","tag-menschenrechte","tag-nationale-minderheiten","tag-pace","tag-russland","tag-zivilgesellschaft-und-der-kreml"],"acf":[],"yoast_head":"<!-- This site is optimized with the Yoast SEO Premium plugin v25.0 (Yoast SEO v27.5) - https:\/\/yoast.com\/product\/yoast-seo-premium-wordpress\/ -->\n<title>Russlands ethnische Minderheiten: Zwischen Unterdr\u00fcckung und Dekolonisierung<\/title>\n<meta name=\"description\" content=\"Offiziell ist Russland ein Vielv\u00f6lkerstaat dessen ethnische Minderheiten von der Verfassung Schutz genie\u00dfen. In Wirklichkeit werden die Rechte der nichtrussischen V\u00f6lker seit Jahren drastisch eingeschr\u00e4nkt, seit 2024 droht allen, die sich in Russland f\u00fcr ethnische und indigene Gruppen einsetzen, Strafverfolgung unter den drakonischen Extremisten-Gesetzen des Landes. Yelizaveta Landenberger fasst die Situation zusammen.\" \/>\n<meta name=\"robots\" content=\"index, follow, max-snippet:-1, max-image-preview:large, max-video-preview:-1\" \/>\n<link rel=\"canonical\" href=\"https:\/\/russlandverstehen.eu\/de\/russlands-ethnische-minderheiten-zwischen-unterdrckung-und-dekolonisierung\/\" \/>\n<meta property=\"og:locale\" content=\"de_DE\" \/>\n<meta property=\"og:type\" content=\"article\" \/>\n<meta property=\"og:title\" content=\"Russlands ethnische Minderheiten: Zwischen Unterdr\u00fcckung und Dekolonisierung\" \/>\n<meta property=\"og:description\" content=\"Offiziell ist Russland ein Vielv\u00f6lkerstaat dessen ethnische Minderheiten von der Verfassung Schutz genie\u00dfen. In Wirklichkeit werden die Rechte der nichtrussischen V\u00f6lker seit Jahren drastisch eingeschr\u00e4nkt, seit 2024 droht allen, die sich in Russland f\u00fcr ethnische und indigene Gruppen einsetzen, Strafverfolgung unter den drakonischen Extremisten-Gesetzen des Landes. Yelizaveta Landenberger fasst die Situation zusammen.\" \/>\n<meta property=\"og:url\" content=\"https:\/\/russlandverstehen.eu\/de\/russlands-ethnische-minderheiten-zwischen-unterdrckung-und-dekolonisierung\/\" \/>\n<meta property=\"og:site_name\" content=\"Russland verstehen\" \/>\n<meta property=\"article:publisher\" content=\"https:\/\/www.facebook.com\/LiberaleModerne\/\" \/>\n<meta property=\"article:published_time\" content=\"2026-03-31T09:12:18+00:00\" \/>\n<meta property=\"article:modified_time\" content=\"2026-03-31T21:30:46+00:00\" \/>\n<meta property=\"og:image\" content=\"https:\/\/russlandverstehen.eu\/wp-content\/uploads\/imago829843316_1200x800.jpg\" \/>\n\t<meta property=\"og:image:width\" content=\"1200\" \/>\n\t<meta property=\"og:image:height\" content=\"800\" \/>\n\t<meta property=\"og:image:type\" content=\"image\/jpeg\" \/>\n<meta name=\"author\" content=\"\u2003\" \/>\n<meta name=\"twitter:card\" content=\"summary_large_image\" \/>\n<meta name=\"twitter:creator\" content=\"@liberalemoderne\" \/>\n<meta name=\"twitter:site\" content=\"@liberalemoderne\" \/>\n<meta name=\"twitter:label1\" content=\"Verfasst von\" \/>\n\t<meta name=\"twitter:data1\" content=\"\u2003\" \/>\n\t<meta name=\"twitter:label2\" content=\"Gesch\u00e4tzte Lesezeit\" \/>\n\t<meta name=\"twitter:data2\" content=\"10\u00a0Minuten\" \/>\n<script type=\"application\/ld+json\" class=\"yoast-schema-graph\">{\"@context\":\"https:\\\/\\\/schema.org\",\"@graph\":[{\"@type\":\"Article\",\"@id\":\"https:\\\/\\\/russlandverstehen.eu\\\/de\\\/russlands-ethnische-minderheiten-zwischen-unterdrckung-und-dekolonisierung\\\/#article\",\"isPartOf\":{\"@id\":\"https:\\\/\\\/russlandverstehen.eu\\\/de\\\/russlands-ethnische-minderheiten-zwischen-unterdrckung-und-dekolonisierung\\\/\"},\"author\":{\"name\":\"\u2003\",\"@id\":\"\\\/#\\\/schema\\\/person\\\/3dfcbc94ac5da2958e97139722f1e10d\"},\"headline\":\"Russ\u00adlands eth\u00adni\u00adsche Min\u00adder\u00adhei\u00adten: Zwi\u00adschen Unter\u00addr\u00fc\u00adckung und Dekolonisierung\",\"datePublished\":\"2026-03-31T09:12:18+00:00\",\"dateModified\":\"2026-03-31T21:30:46+00:00\",\"mainEntityOfPage\":{\"@id\":\"https:\\\/\\\/russlandverstehen.eu\\\/de\\\/russlands-ethnische-minderheiten-zwischen-unterdrckung-und-dekolonisierung\\\/\"},\"wordCount\":1854,\"publisher\":{\"@id\":\"\\\/#organization\"},\"image\":{\"@id\":\"https:\\\/\\\/russlandverstehen.eu\\\/de\\\/russlands-ethnische-minderheiten-zwischen-unterdrckung-und-dekolonisierung\\\/#primaryimage\"},\"thumbnailUrl\":\"https:\\\/\\\/russlandverstehen.eu\\\/wp-content\\\/uploads\\\/imago829843316_1200x800.jpg\",\"keywords\":[\"aktuell\",\"Ethnische Minderheiten\",\"Europarat\",\"Indigene V\u00f6lker\",\"Menschenrechte\",\"Nationale Minderheiten\",\"PACE\",\"Russland\",\"Zivilgesellschaft und der Kreml\"],\"articleSection\":[\"Analyse&emsp;\"],\"inLanguage\":\"de\"},{\"@type\":\"WebPage\",\"@id\":\"https:\\\/\\\/russlandverstehen.eu\\\/de\\\/russlands-ethnische-minderheiten-zwischen-unterdrckung-und-dekolonisierung\\\/\",\"url\":\"https:\\\/\\\/russlandverstehen.eu\\\/de\\\/russlands-ethnische-minderheiten-zwischen-unterdrckung-und-dekolonisierung\\\/\",\"name\":\"Russlands ethnische Minderheiten: Zwischen Unterdr\u00fcckung und Dekolonisierung\",\"isPartOf\":{\"@id\":\"\\\/#website\"},\"primaryImageOfPage\":{\"@id\":\"https:\\\/\\\/russlandverstehen.eu\\\/de\\\/russlands-ethnische-minderheiten-zwischen-unterdrckung-und-dekolonisierung\\\/#primaryimage\"},\"image\":{\"@id\":\"https:\\\/\\\/russlandverstehen.eu\\\/de\\\/russlands-ethnische-minderheiten-zwischen-unterdrckung-und-dekolonisierung\\\/#primaryimage\"},\"thumbnailUrl\":\"https:\\\/\\\/russlandverstehen.eu\\\/wp-content\\\/uploads\\\/imago829843316_1200x800.jpg\",\"datePublished\":\"2026-03-31T09:12:18+00:00\",\"dateModified\":\"2026-03-31T21:30:46+00:00\",\"description\":\"Offiziell ist Russland ein Vielv\u00f6lkerstaat dessen ethnische Minderheiten von der Verfassung Schutz genie\u00dfen. In Wirklichkeit werden die Rechte der nichtrussischen V\u00f6lker seit Jahren drastisch eingeschr\u00e4nkt, seit 2024 droht allen, die sich in Russland f\u00fcr ethnische und indigene Gruppen einsetzen, Strafverfolgung unter den drakonischen Extremisten-Gesetzen des Landes. Yelizaveta Landenberger fasst die Situation zusammen.\",\"breadcrumb\":{\"@id\":\"https:\\\/\\\/russlandverstehen.eu\\\/de\\\/russlands-ethnische-minderheiten-zwischen-unterdrckung-und-dekolonisierung\\\/#breadcrumb\"},\"inLanguage\":\"de\",\"potentialAction\":[{\"@type\":\"ReadAction\",\"target\":[\"https:\\\/\\\/russlandverstehen.eu\\\/de\\\/russlands-ethnische-minderheiten-zwischen-unterdrckung-und-dekolonisierung\\\/\"]}]},{\"@type\":\"ImageObject\",\"inLanguage\":\"de\",\"@id\":\"https:\\\/\\\/russlandverstehen.eu\\\/de\\\/russlands-ethnische-minderheiten-zwischen-unterdrckung-und-dekolonisierung\\\/#primaryimage\",\"url\":\"https:\\\/\\\/russlandverstehen.eu\\\/wp-content\\\/uploads\\\/imago829843316_1200x800.jpg\",\"contentUrl\":\"https:\\\/\\\/russlandverstehen.eu\\\/wp-content\\\/uploads\\\/imago829843316_1200x800.jpg\",\"width\":1200,\"height\":800},{\"@type\":\"BreadcrumbList\",\"@id\":\"https:\\\/\\\/russlandverstehen.eu\\\/de\\\/russlands-ethnische-minderheiten-zwischen-unterdrckung-und-dekolonisierung\\\/#breadcrumb\",\"itemListElement\":[{\"@type\":\"ListItem\",\"position\":1,\"name\":\"Startseite\",\"item\":\"https:\\\/\\\/russlandverstehen.eu\\\/de\\\/\"},{\"@type\":\"ListItem\",\"position\":2,\"name\":\"Russlands ethnische Minderheiten: Zwischen Unterdr\u00fcckung und Dekolonisierung\"}]},{\"@type\":\"WebSite\",\"@id\":\"\\\/#website\",\"url\":\"\\\/\",\"name\":\"Russland verstehen\",\"description\":\"Zentrum Liberale Moderne\",\"publisher\":{\"@id\":\"\\\/#organization\"},\"potentialAction\":[{\"@type\":\"SearchAction\",\"target\":{\"@type\":\"EntryPoint\",\"urlTemplate\":\"\\\/?s={search_term_string}\"},\"query-input\":{\"@type\":\"PropertyValueSpecification\",\"valueRequired\":true,\"valueName\":\"search_term_string\"}}],\"inLanguage\":\"de\"},{\"@type\":\"Organization\",\"@id\":\"\\\/#organization\",\"name\":\"Russland verstehen\",\"url\":\"\\\/\",\"logo\":{\"@type\":\"ImageObject\",\"inLanguage\":\"de\",\"@id\":\"\\\/#\\\/schema\\\/logo\\\/image\\\/\",\"url\":\"\",\"contentUrl\":\"\",\"caption\":\"Russland verstehen\"},\"image\":{\"@id\":\"\\\/#\\\/schema\\\/logo\\\/image\\\/\"},\"sameAs\":[\"https:\\\/\\\/www.facebook.com\\\/LiberaleModerne\\\/\",\"https:\\\/\\\/x.com\\\/liberalemoderne\"]},{\"@type\":\"Person\",\"@id\":\"\\\/#\\\/schema\\\/person\\\/3dfcbc94ac5da2958e97139722f1e10d\",\"name\":\"\u2003\",\"image\":{\"@type\":\"ImageObject\",\"inLanguage\":\"de\",\"@id\":\"https:\\\/\\\/russlandverstehen.eu\\\/wp-content\\\/uploads\\\/User-150x150.png\",\"url\":\"https:\\\/\\\/russlandverstehen.eu\\\/wp-content\\\/uploads\\\/User-150x150.png\",\"contentUrl\":\"https:\\\/\\\/russlandverstehen.eu\\\/wp-content\\\/uploads\\\/User-150x150.png\",\"caption\":\"\u2003\"},\"url\":\"https:\\\/\\\/russlandverstehen.eu\\\/de\\\/author\\\/zentrum-liberale-moderne\\\/\"}]}<\/script>\n<!-- \/ Yoast SEO Premium plugin. -->","yoast_head_json":{"title":"Russlands ethnische Minderheiten: Zwischen Unterdr\u00fcckung und Dekolonisierung","description":"Offiziell ist Russland ein Vielv\u00f6lkerstaat dessen ethnische Minderheiten von der Verfassung Schutz genie\u00dfen. In Wirklichkeit werden die Rechte der nichtrussischen V\u00f6lker seit Jahren drastisch eingeschr\u00e4nkt, seit 2024 droht allen, die sich in Russland f\u00fcr ethnische und indigene Gruppen einsetzen, Strafverfolgung unter den drakonischen Extremisten-Gesetzen des Landes. Yelizaveta Landenberger fasst die Situation zusammen.","robots":{"index":"index","follow":"follow","max-snippet":"max-snippet:-1","max-image-preview":"max-image-preview:large","max-video-preview":"max-video-preview:-1"},"canonical":"https:\/\/russlandverstehen.eu\/de\/russlands-ethnische-minderheiten-zwischen-unterdrckung-und-dekolonisierung\/","og_locale":"de_DE","og_type":"article","og_title":"Russlands ethnische Minderheiten: Zwischen Unterdr\u00fcckung und Dekolonisierung","og_description":"Offiziell ist Russland ein Vielv\u00f6lkerstaat dessen ethnische Minderheiten von der Verfassung Schutz genie\u00dfen. In Wirklichkeit werden die Rechte der nichtrussischen V\u00f6lker seit Jahren drastisch eingeschr\u00e4nkt, seit 2024 droht allen, die sich in Russland f\u00fcr ethnische und indigene Gruppen einsetzen, Strafverfolgung unter den drakonischen Extremisten-Gesetzen des Landes. Yelizaveta Landenberger fasst die Situation zusammen.","og_url":"https:\/\/russlandverstehen.eu\/de\/russlands-ethnische-minderheiten-zwischen-unterdrckung-und-dekolonisierung\/","og_site_name":"Russland verstehen","article_publisher":"https:\/\/www.facebook.com\/LiberaleModerne\/","article_published_time":"2026-03-31T09:12:18+00:00","article_modified_time":"2026-03-31T21:30:46+00:00","og_image":[{"width":1200,"height":800,"url":"https:\/\/russlandverstehen.eu\/wp-content\/uploads\/imago829843316_1200x800.jpg","type":"image\/jpeg"}],"author":"\u2003","twitter_card":"summary_large_image","twitter_creator":"@liberalemoderne","twitter_site":"@liberalemoderne","twitter_misc":{"Verfasst von":"\u2003","Gesch\u00e4tzte Lesezeit":"10\u00a0Minuten"},"schema":{"@context":"https:\/\/schema.org","@graph":[{"@type":"Article","@id":"https:\/\/russlandverstehen.eu\/de\/russlands-ethnische-minderheiten-zwischen-unterdrckung-und-dekolonisierung\/#article","isPartOf":{"@id":"https:\/\/russlandverstehen.eu\/de\/russlands-ethnische-minderheiten-zwischen-unterdrckung-und-dekolonisierung\/"},"author":{"name":"\u2003","@id":"\/#\/schema\/person\/3dfcbc94ac5da2958e97139722f1e10d"},"headline":"Russ\u00adlands eth\u00adni\u00adsche Min\u00adder\u00adhei\u00adten: Zwi\u00adschen Unter\u00addr\u00fc\u00adckung und Dekolonisierung","datePublished":"2026-03-31T09:12:18+00:00","dateModified":"2026-03-31T21:30:46+00:00","mainEntityOfPage":{"@id":"https:\/\/russlandverstehen.eu\/de\/russlands-ethnische-minderheiten-zwischen-unterdrckung-und-dekolonisierung\/"},"wordCount":1854,"publisher":{"@id":"\/#organization"},"image":{"@id":"https:\/\/russlandverstehen.eu\/de\/russlands-ethnische-minderheiten-zwischen-unterdrckung-und-dekolonisierung\/#primaryimage"},"thumbnailUrl":"https:\/\/russlandverstehen.eu\/wp-content\/uploads\/imago829843316_1200x800.jpg","keywords":["aktuell","Ethnische Minderheiten","Europarat","Indigene V\u00f6lker","Menschenrechte","Nationale Minderheiten","PACE","Russland","Zivilgesellschaft und der Kreml"],"articleSection":["Analyse&emsp;"],"inLanguage":"de"},{"@type":"WebPage","@id":"https:\/\/russlandverstehen.eu\/de\/russlands-ethnische-minderheiten-zwischen-unterdrckung-und-dekolonisierung\/","url":"https:\/\/russlandverstehen.eu\/de\/russlands-ethnische-minderheiten-zwischen-unterdrckung-und-dekolonisierung\/","name":"Russlands ethnische Minderheiten: Zwischen Unterdr\u00fcckung und Dekolonisierung","isPartOf":{"@id":"\/#website"},"primaryImageOfPage":{"@id":"https:\/\/russlandverstehen.eu\/de\/russlands-ethnische-minderheiten-zwischen-unterdrckung-und-dekolonisierung\/#primaryimage"},"image":{"@id":"https:\/\/russlandverstehen.eu\/de\/russlands-ethnische-minderheiten-zwischen-unterdrckung-und-dekolonisierung\/#primaryimage"},"thumbnailUrl":"https:\/\/russlandverstehen.eu\/wp-content\/uploads\/imago829843316_1200x800.jpg","datePublished":"2026-03-31T09:12:18+00:00","dateModified":"2026-03-31T21:30:46+00:00","description":"Offiziell ist Russland ein Vielv\u00f6lkerstaat dessen ethnische Minderheiten von der Verfassung Schutz genie\u00dfen. In Wirklichkeit werden die Rechte der nichtrussischen V\u00f6lker seit Jahren drastisch eingeschr\u00e4nkt, seit 2024 droht allen, die sich in Russland f\u00fcr ethnische und indigene Gruppen einsetzen, Strafverfolgung unter den drakonischen Extremisten-Gesetzen des Landes. Yelizaveta Landenberger fasst die Situation zusammen.","breadcrumb":{"@id":"https:\/\/russlandverstehen.eu\/de\/russlands-ethnische-minderheiten-zwischen-unterdrckung-und-dekolonisierung\/#breadcrumb"},"inLanguage":"de","potentialAction":[{"@type":"ReadAction","target":["https:\/\/russlandverstehen.eu\/de\/russlands-ethnische-minderheiten-zwischen-unterdrckung-und-dekolonisierung\/"]}]},{"@type":"ImageObject","inLanguage":"de","@id":"https:\/\/russlandverstehen.eu\/de\/russlands-ethnische-minderheiten-zwischen-unterdrckung-und-dekolonisierung\/#primaryimage","url":"https:\/\/russlandverstehen.eu\/wp-content\/uploads\/imago829843316_1200x800.jpg","contentUrl":"https:\/\/russlandverstehen.eu\/wp-content\/uploads\/imago829843316_1200x800.jpg","width":1200,"height":800},{"@type":"BreadcrumbList","@id":"https:\/\/russlandverstehen.eu\/de\/russlands-ethnische-minderheiten-zwischen-unterdrckung-und-dekolonisierung\/#breadcrumb","itemListElement":[{"@type":"ListItem","position":1,"name":"Startseite","item":"https:\/\/russlandverstehen.eu\/de\/"},{"@type":"ListItem","position":2,"name":"Russlands ethnische Minderheiten: Zwischen Unterdr\u00fcckung und Dekolonisierung"}]},{"@type":"WebSite","@id":"\/#website","url":"\/","name":"Russland verstehen","description":"Zentrum Liberale Moderne","publisher":{"@id":"\/#organization"},"potentialAction":[{"@type":"SearchAction","target":{"@type":"EntryPoint","urlTemplate":"\/?s={search_term_string}"},"query-input":{"@type":"PropertyValueSpecification","valueRequired":true,"valueName":"search_term_string"}}],"inLanguage":"de"},{"@type":"Organization","@id":"\/#organization","name":"Russland verstehen","url":"\/","logo":{"@type":"ImageObject","inLanguage":"de","@id":"\/#\/schema\/logo\/image\/","url":"","contentUrl":"","caption":"Russland verstehen"},"image":{"@id":"\/#\/schema\/logo\/image\/"},"sameAs":["https:\/\/www.facebook.com\/LiberaleModerne\/","https:\/\/x.com\/liberalemoderne"]},{"@type":"Person","@id":"\/#\/schema\/person\/3dfcbc94ac5da2958e97139722f1e10d","name":"\u2003","image":{"@type":"ImageObject","inLanguage":"de","@id":"https:\/\/russlandverstehen.eu\/wp-content\/uploads\/User-150x150.png","url":"https:\/\/russlandverstehen.eu\/wp-content\/uploads\/User-150x150.png","contentUrl":"https:\/\/russlandverstehen.eu\/wp-content\/uploads\/User-150x150.png","caption":"\u2003"},"url":"https:\/\/russlandverstehen.eu\/de\/author\/zentrum-liberale-moderne\/"}]}},"jetpack_featured_media_url":"https:\/\/russlandverstehen.eu\/wp-content\/uploads\/imago829843316_1200x800.jpg","menu_order":0,"_links":{"self":[{"href":"https:\/\/russlandverstehen.eu\/de\/wp-json\/wp\/v2\/posts\/53875","targetHints":{"allow":["GET"]}}],"collection":[{"href":"https:\/\/russlandverstehen.eu\/de\/wp-json\/wp\/v2\/posts"}],"about":[{"href":"https:\/\/russlandverstehen.eu\/de\/wp-json\/wp\/v2\/types\/post"}],"author":[{"embeddable":true,"href":"https:\/\/russlandverstehen.eu\/de\/wp-json\/wp\/v2\/users\/185"}],"replies":[{"embeddable":true,"href":"https:\/\/russlandverstehen.eu\/de\/wp-json\/wp\/v2\/comments?post=53875"}],"version-history":[{"count":8,"href":"https:\/\/russlandverstehen.eu\/de\/wp-json\/wp\/v2\/posts\/53875\/revisions"}],"predecessor-version":[{"id":53891,"href":"https:\/\/russlandverstehen.eu\/de\/wp-json\/wp\/v2\/posts\/53875\/revisions\/53891"}],"wp:featuredmedia":[{"embeddable":true,"href":"https:\/\/russlandverstehen.eu\/de\/wp-json\/wp\/v2\/media\/53882"}],"wp:attachment":[{"href":"https:\/\/russlandverstehen.eu\/de\/wp-json\/wp\/v2\/media?parent=53875"}],"wp:term":[{"taxonomy":"category","embeddable":true,"href":"https:\/\/russlandverstehen.eu\/de\/wp-json\/wp\/v2\/categories?post=53875"},{"taxonomy":"post_tag","embeddable":true,"href":"https:\/\/russlandverstehen.eu\/de\/wp-json\/wp\/v2\/tags?post=53875"}],"curies":[{"name":"wp","href":"https:\/\/api.w.org\/{rel}","templated":true}]}}